{"id":7597,"date":"2019-05-10T14:36:23","date_gmt":"2019-05-10T11:36:23","guid":{"rendered":"http:\/\/saptamanagiurgiuveana.ro\/wp\/?p=7597"},"modified":"2019-05-10T14:36:25","modified_gmt":"2019-05-10T11:36:25","slug":"in-atentia-absolventilor-promotiei-2019","status":"publish","type":"post","link":"https:\/\/saptamanagiurgiuveana.ro\/wp\/2019\/05\/10\/in-atentia-absolventilor-promotiei-2019\/","title":{"rendered":"\u00cen aten\u0163ia absolven\u0163ilor promo\u0163iei 2019"},"content":{"rendered":"\n<p>Agen\u0163ia Jude\u021bean\u0103 pentru Ocuparea For\u0163ei de Munc\u0103 Giurgiu informeaz\u0103 absolven\u0163ii promo\u0163iei\n2019 c\u0103, \u00een termen de 60 de zile de la absolvire, sunt a\u015ftepta\u0163i s\u0103 se\n\u00eenregistreze \u00een eviden\u0163ele institu\u0163iei pentru a beneficia de toate serviciile\npuse la dispozi\u0163ie de AJOFM GIURGIU \u00een scopul integr\u0103rii acestora pe pia\u0163a\nfor\u0163ei de munc\u0103.<\/p>\n\n\n\n<p>Preciz\u0103m c\u0103 \u00eenregistrarea ca persoan\u0103 aflat\u0103\n\u00een c\u0103utarea unui loc de munc\u0103 este o etap\u0103 prealabil\u0103 \u0219i obligatorie \u00een vederea\nob\u021binerii facilit\u0103\u021bilor acordate potrivit Legii nr. 76\/2002 privind sistemul\nasigur\u0103rilor pentru \u0219omaj \u0219i stimularea ocup\u0103rii for\u021bei de munc\u0103.<\/p>\n\n\n\n<p>Astfel, absolven\u0163ii institu\u021biilor de\n\u00eenv\u0103\u021b\u0103m\u00e2nt care se \u00eenregistreaz\u0103 \u00een eviden\u0163ele agen\u0163iilor pentru ocuparea\nfor\u021bei de munc\u0103 \u00een raza c\u0103rora \u00ee\u0219i au domiciliul, ca persoane aflate \u00een\nc\u0103utarea unui loc de munc\u0103 beneficiaz\u0103 de servicii de informare \u015fi consiliere\nprofesional\u0103, medierea muncii, servicii gratuite de formare profesional\u0103,\nprecum \u0219i de facilit\u0103\u021bi financiare.<\/p>\n\n\n\n<p>Actele necesare pentru \u00eenregistrarea\nabsolven\u021bilor \u00een eviden\u0163ele agen\u0163iilor teritoriale ca persoane aflate \u00een\nc\u0103utarea unui loc de munc\u0103, sunt:<\/p>\n\n\n\n<p>\u2022&nbsp;&nbsp; actul\nde identitate, \u00een original \u015fi copie;<\/p>\n\n\n\n<p>\u2022&nbsp;&nbsp; actele\nde studii \u015fi de calificare sau adeverin\u0163a din care s\u0103 rezulte data absolvirii,\n\u00een original \u015fi copie;<\/p>\n\n\n\n<p>\u2022&nbsp;&nbsp; adeverin\u0163a\nmedical\u0103 din care s\u0103 rezulte c\u0103 persoana este clinic s\u0103n\u0103toas\u0103 sau apt\u0103 de\nmunc\u0103 ori c\u0103 are eventuale restric\u0163ii medicale.<\/p>\n\n\n\n<p>Prin absolvent al unei institu\u0163ii de\n\u00eenv\u0103\u0163\u0103m\u00e2nt se \u00een\u0163elege persoana care a ob\u0163inut o diplom\u0103 sau un certificat de\nstudii, \u00een condi\u0163iile legii, \u00een una dintre institu\u0163iile de \u00eenv\u0103\u0163\u0103m\u00e2nt\ngimnazial, profesional, special, liceal, postliceal sau superior, de stat ori\nparticular, autorizat sau acreditat \u00een condi\u0163iile legii.<\/p>\n\n\n\n<p>\u00cen cazul absolven\u0163ilor de liceu, indiferent\ndac\u0103 a fost sau nu promovat examenul de Bacalaureat, termenul de 60 de zile \u00eencepe\npe 01 iunie 2019, potrivit prevederilor Ordinului nr. 3.220\/19 februarie 2018\nal Ministrului Educa\u0163iei Na\u021bionale conform c\u0103ruia:&nbsp; \u201ecursurile claselor terminale din\n\u00eenv\u0103\u0163\u0103m\u00e2ntul liceal se \u00eencheie \u00een data de 31 mai 2019\u201d. <\/p>\n\n\n\n<p>Elevii care nu au situa\u0163ia \u0219colar\u0103 \u00eencheiat\u0103\nla toate materiile, se pot \u00eenregistra \u00een eviden\u021bele agen\u021biei \u00een termen de 60 de\nzile de la data promov\u0103rii examenului de corigen\u021b\u0103, data \u00eenscris\u0103 \u00een adeverin\u0163a\neliberat\u0103 de institu\u0163ia de \u00eenv\u0103\u0163\u0103m\u00e2nt.<\/p>\n","protected":false},"excerpt":{"rendered":"<p>Agen\u0163ia Jude\u021bean\u0103 pentru Ocuparea For\u0163ei de Munc\u0103 Giurgiu informeaz\u0103 absolven\u0163ii promo\u0163iei 2019 c\u0103, \u00een termen&#8230;<\/p>\n","protected":false},"author":1,"featured_media":2668,"comment_status":"closed","ping_status":"closed","sticky":false,"template":"","format":"standard","meta":{"_kadence_starter_templates_imported_post":false,"footnotes":""},"categories":[2],"tags":[],"class_list":["post-7597","post","type-post","status-publish","format-standard","has-post-thumbnail","hentry","category-stiri"],"featured_image_urls":{"full":["https:\/\/saptamanagiurgiuveana.ro\/wp\/wp-content\/uploads\/2016\/11\/Planul_guvernului_de_a_oferi_locuri_de_munca_tinerilor.jpg",560,316,false],"thumbnail":["https:\/\/saptamanagiurgiuveana.ro\/wp\/wp-content\/uploads\/2016\/11\/Planul_guvernului_de_a_oferi_locuri_de_munca_tinerilor-150x150.jpg",150,150,true],"medium":["https:\/\/saptamanagiurgiuveana.ro\/wp\/wp-content\/uploads\/2016\/11\/Planul_guvernului_de_a_oferi_locuri_de_munca_tinerilor-300x169.jpg",300,169,true],"medium_large":["https:\/\/saptamanagiurgiuveana.ro\/wp\/wp-content\/uploads\/2016\/11\/Planul_guvernului_de_a_oferi_locuri_de_munca_tinerilor.jpg",560,316,false],"large":["https:\/\/saptamanagiurgiuveana.ro\/wp\/wp-content\/uploads\/2016\/11\/Planul_guvernului_de_a_oferi_locuri_de_munca_tinerilor.jpg",560,316,false],"1536x1536":["https:\/\/saptamanagiurgiuveana.ro\/wp\/wp-content\/uploads\/2016\/11\/Planul_guvernului_de_a_oferi_locuri_de_munca_tinerilor.jpg",560,316,false],"2048x2048":["https:\/\/saptamanagiurgiuveana.ro\/wp\/wp-content\/uploads\/2016\/11\/Planul_guvernului_de_a_oferi_locuri_de_munca_tinerilor.jpg",560,316,false],"covernews-featured":["https:\/\/saptamanagiurgiuveana.ro\/wp\/wp-content\/uploads\/2016\/11\/Planul_guvernului_de_a_oferi_locuri_de_munca_tinerilor.jpg",560,316,false],"covernews-medium":["https:\/\/saptamanagiurgiuveana.ro\/wp\/wp-content\/uploads\/2016\/11\/Planul_guvernului_de_a_oferi_locuri_de_munca_tinerilor.jpg",540,305,false],"mailpoet_newsletter_max":["https:\/\/saptamanagiurgiuveana.ro\/wp\/wp-content\/uploads\/2016\/11\/Planul_guvernului_de_a_oferi_locuri_de_munca_tinerilor.jpg",560,316,false]},"author_info":{"info":["Mihaita Grigore"]},"category_info":"<a href=\"https:\/\/saptamanagiurgiuveana.ro\/wp\/category\/stiri\/\" rel=\"category tag\">Stiri<\/a>","tag_info":"Stiri","comment_count":"0","_links":{"self":[{"href":"https:\/\/saptamanagiurgiuveana.ro\/wp\/wp-json\/wp\/v2\/posts\/7597","targetHints":{"allow":["GET"]}}],"collection":[{"href":"https:\/\/saptamanagiurgiuveana.ro\/wp\/wp-json\/wp\/v2\/posts"}],"about":[{"href":"https:\/\/saptamanagiurgiuveana.ro\/wp\/wp-json\/wp\/v2\/types\/post"}],"author":[{"embeddable":true,"href":"https:\/\/saptamanagiurgiuveana.ro\/wp\/wp-json\/wp\/v2\/users\/1"}],"replies":[{"embeddable":true,"href":"https:\/\/saptamanagiurgiuveana.ro\/wp\/wp-json\/wp\/v2\/comments?post=7597"}],"version-history":[{"count":1,"href":"https:\/\/saptamanagiurgiuveana.ro\/wp\/wp-json\/wp\/v2\/posts\/7597\/revisions"}],"predecessor-version":[{"id":7598,"href":"https:\/\/saptamanagiurgiuveana.ro\/wp\/wp-json\/wp\/v2\/posts\/7597\/revisions\/7598"}],"wp:featuredmedia":[{"embeddable":true,"href":"https:\/\/saptamanagiurgiuveana.ro\/wp\/wp-json\/wp\/v2\/media\/2668"}],"wp:attachment":[{"href":"https:\/\/saptamanagiurgiuveana.ro\/wp\/wp-json\/wp\/v2\/media?parent=7597"}],"wp:term":[{"taxonomy":"category","embeddable":true,"href":"https:\/\/saptamanagiurgiuveana.ro\/wp\/wp-json\/wp\/v2\/categories?post=7597"},{"taxonomy":"post_tag","embeddable":true,"href":"https:\/\/saptamanagiurgiuveana.ro\/wp\/wp-json\/wp\/v2\/tags?post=7597"}],"curies":[{"name":"wp","href":"https:\/\/api.w.org\/{rel}","templated":true}]}}