{"id":7474,"date":"2019-01-09T14:55:30","date_gmt":"2019-01-09T12:55:30","guid":{"rendered":"http:\/\/saptamanagiurgiuveana.ro\/wp\/?p=7474"},"modified":"2019-01-09T14:55:31","modified_gmt":"2019-01-09T12:55:31","slug":"situatia-salubrizarii-dezbatuta-in-conferinta-de-presa","status":"publish","type":"post","link":"https:\/\/saptamanagiurgiuveana.ro\/wp\/2019\/01\/09\/situatia-salubrizarii-dezbatuta-in-conferinta-de-presa\/","title":{"rendered":"Situa\u021bia salubriz\u0103rii, dezb\u0103tut\u0103 \u00een conferin\u021ba de pres\u0103"},"content":{"rendered":"\n<p>Problema neridic\u0103rii gunoiului din ora\u0219 a dat multe b\u0103t\u0103i de cap \u00een ultimul timp giurgiuvenilor care au fost nevoi\u021bi s\u0103 stea cu tomberoanele la poart\u0103 sau cu gunoiul neridicat din platformele de la blocuri. Dincolo de disconfortul cet\u0103\u021benilor \u0219i incertitudinea legat\u0103 de colectare, \u0219i conducerea administra\u021biei locale este ingrijorat\u0103 de aceasta problema abordat\u0103 astazi, in conferin\u021ba de presa, de primarul Nicolae Barbu.<\/p>\n\n\n\n<p>Astfel, edilul \u0219ef a adus c\u00e2teva clarific\u0103ri pe care GIREXIM le invoc\u0103 \u00eentr-o adres\u0103 transmis\u0103 \u00een luna decembrie Consiliului Jude\u021bean, respectiv Asocia\u021biei de Dezvoltare Intercomunitare &#8222;Management Eficient pentru un Judet Curat&#8221;. Se pare c\u0103, principalul vinovat, conform operatorului de salubritate, pentru situatia de la inceputul anului, este Eco Sud, administratorul gropii de gunoi de la Fr\u0103te\u0219ti, care a sistat primirea gunoiului, motiv pentru Girexim care nu \u0219i-a \u00eendeplinit obliga\u021biile prev\u0103zute \u00een contractele cu cet\u0103\u021benii.<\/p>\n\n\n\n<p>Mai mult de at\u00e2t, GIREXIM a \u00een\u0219tiintat \u00een data de 28 decembrie 2018 ADI-ul \u0219i Consiliul Jude\u021bean c\u0103 va continua serviciul de colectare p\u00e2n\u0103 \u00een data de 15 februarie 2019 si dore\u0219te rezilierea.<\/p>\n\n\n\n<p>\u201dCe se va \u00eent\u00e2mpla \u00een continuare? \u0218tiu c\u0103 s-a demarat deja procedura de licita\u021bie \u0219i am discutat cu pre\u0219edintele Consiliului Jude\u021bean, Marian Mina, \u0219i l-am rugat s\u0103 se ocupe personal pentru ca este o problem\u0103 administrativ\u0103 important\u0103 \u0219i poate fi chiar \u0219i o problem\u0103 politic\u0103. Nu vrem ca dup\u0103 data de 15 februarie s\u0103 ne trezim cu mormane de gunoi \u00een ora\u0219, \u00eens\u0103 eu am ferma convingere c\u0103 nu se va \u00eent\u00e2mpla asta, procedura urmand s\u0103 se \u00eencheie \u00een cur\u00e2nd\u201d a ad\u0103ugat primarul Nicolae Barbu.<\/p>\n\n\n\n<p>Nu \u00een ultimul r\u00e2nd, edilul \u0219ef \u00eei aten\u021bioneaz\u0103 pe cet\u0103\u021beni ca plata c\u0103tre GIREXIM s\u0103 o fac\u0103 doar p\u00e2n\u0103 \u00een data de 14 februarie 2019, \u0219i nu mai mult.<a href=\"https:\/\/www.facebook.com\/112575278904036\/photos\/a.112660275562203\/1150088605152693\/?type=3&amp;eid=ARB_HNNKDnFsSlAO70M2ykv74kjLCjjd9eU4-SE-VlKo6IEmAE84qeGKEJ3R_WrrZUMb70xtzvo3QdU-&amp;__xts__%5B0%5D=68.ARAb4C8jUuTh2Wh-3nuLKWhklpf33iNsc_xPMOVEXzOoITSZGIKd8x1L__VqzByvwCh2xq2N5veVjrw__OEnMgekIgm1JlF5L5taEgowpXbKOeNAAArOcFf3lqhPn27sy0nYa4cJ0soaWkJylsY0ePJ8AxbgkU16HjfkdrgdRgOS6tvV5c4tbB7ZSsPv4nH8NYCSVXF96_jphLfwOl0X2WQLUlXATp2KrJJ-dsbl-_Aqorc3lvwEktJ-NfPleza7cAS72AD-3bHuUg_JCWZs0NipoQY9OUDFR5SEqHAytD226ZFlPcs4J02l_NaKQbbNCwdtB9MMq7BmwLXbYVUSQTFrO7TsSIIIo1o7bNa-HKhtTCw0OygEylNZ&amp;__tn__=EHH-R\" target=\"_blank\" rel=\"noopener\"><\/a><\/p>\n","protected":false},"excerpt":{"rendered":"<p>Problema neridic\u0103rii gunoiului din ora\u0219 a dat multe b\u0103t\u0103i de cap \u00een ultimul timp giurgiuvenilor&#8230;<\/p>\n","protected":false},"author":1,"featured_media":7475,"comment_status":"closed","ping_status":"closed","sticky":false,"template":"","format":"standard","meta":{"_kadence_starter_templates_imported_post":false,"footnotes":""},"categories":[2],"tags":[],"class_list":["post-7474","post","type-post","status-publish","format-standard","has-post-thumbnail","hentry","category-stiri"],"featured_image_urls":{"full":["https:\/\/saptamanagiurgiuveana.ro\/wp\/wp-content\/uploads\/2019\/01\/49726437_1150088608486026_231223258052034560_n.jpg",480,360,false],"thumbnail":["https:\/\/saptamanagiurgiuveana.ro\/wp\/wp-content\/uploads\/2019\/01\/49726437_1150088608486026_231223258052034560_n-400x220.jpg",400,220,true],"medium":["https:\/\/saptamanagiurgiuveana.ro\/wp\/wp-content\/uploads\/2019\/01\/49726437_1150088608486026_231223258052034560_n-480x360.jpg",480,360,true],"medium_large":["https:\/\/saptamanagiurgiuveana.ro\/wp\/wp-content\/uploads\/2019\/01\/49726437_1150088608486026_231223258052034560_n.jpg",480,360,false],"large":["https:\/\/saptamanagiurgiuveana.ro\/wp\/wp-content\/uploads\/2019\/01\/49726437_1150088608486026_231223258052034560_n-480x360.jpg",480,360,true],"1536x1536":["https:\/\/saptamanagiurgiuveana.ro\/wp\/wp-content\/uploads\/2019\/01\/49726437_1150088608486026_231223258052034560_n.jpg",480,360,false],"2048x2048":["https:\/\/saptamanagiurgiuveana.ro\/wp\/wp-content\/uploads\/2019\/01\/49726437_1150088608486026_231223258052034560_n.jpg",480,360,false],"covernews-featured":["https:\/\/saptamanagiurgiuveana.ro\/wp\/wp-content\/uploads\/2019\/01\/49726437_1150088608486026_231223258052034560_n.jpg",480,360,false],"covernews-medium":["https:\/\/saptamanagiurgiuveana.ro\/wp\/wp-content\/uploads\/2019\/01\/49726437_1150088608486026_231223258052034560_n.jpg",453,340,false],"mailpoet_newsletter_max":["https:\/\/saptamanagiurgiuveana.ro\/wp\/wp-content\/uploads\/2019\/01\/49726437_1150088608486026_231223258052034560_n.jpg",480,360,false]},"author_info":{"info":["Mihaita Grigore"]},"category_info":"<a href=\"https:\/\/saptamanagiurgiuveana.ro\/wp\/category\/stiri\/\" rel=\"category tag\">Stiri<\/a>","tag_info":"Stiri","comment_count":"0","_links":{"self":[{"href":"https:\/\/saptamanagiurgiuveana.ro\/wp\/wp-json\/wp\/v2\/posts\/7474","targetHints":{"allow":["GET"]}}],"collection":[{"href":"https:\/\/saptamanagiurgiuveana.ro\/wp\/wp-json\/wp\/v2\/posts"}],"about":[{"href":"https:\/\/saptamanagiurgiuveana.ro\/wp\/wp-json\/wp\/v2\/types\/post"}],"author":[{"embeddable":true,"href":"https:\/\/saptamanagiurgiuveana.ro\/wp\/wp-json\/wp\/v2\/users\/1"}],"replies":[{"embeddable":true,"href":"https:\/\/saptamanagiurgiuveana.ro\/wp\/wp-json\/wp\/v2\/comments?post=7474"}],"version-history":[{"count":1,"href":"https:\/\/saptamanagiurgiuveana.ro\/wp\/wp-json\/wp\/v2\/posts\/7474\/revisions"}],"predecessor-version":[{"id":7476,"href":"https:\/\/saptamanagiurgiuveana.ro\/wp\/wp-json\/wp\/v2\/posts\/7474\/revisions\/7476"}],"wp:featuredmedia":[{"embeddable":true,"href":"https:\/\/saptamanagiurgiuveana.ro\/wp\/wp-json\/wp\/v2\/media\/7475"}],"wp:attachment":[{"href":"https:\/\/saptamanagiurgiuveana.ro\/wp\/wp-json\/wp\/v2\/media?parent=7474"}],"wp:term":[{"taxonomy":"category","embeddable":true,"href":"https:\/\/saptamanagiurgiuveana.ro\/wp\/wp-json\/wp\/v2\/categories?post=7474"},{"taxonomy":"post_tag","embeddable":true,"href":"https:\/\/saptamanagiurgiuveana.ro\/wp\/wp-json\/wp\/v2\/tags?post=7474"}],"curies":[{"name":"wp","href":"https:\/\/api.w.org\/{rel}","templated":true}]}}