{"id":7404,"date":"2018-12-07T15:01:55","date_gmt":"2018-12-07T13:01:55","guid":{"rendered":"http:\/\/saptamanagiurgiuveana.ro\/wp\/?p=7404"},"modified":"2018-12-07T15:01:55","modified_gmt":"2018-12-07T13:01:55","slug":"marian-mina-explica-intarzierile-salariale-de-la-dgaspc-giurgiu-si-asigura-ca-salariatii-isi-vor-primi-drepturile","status":"publish","type":"post","link":"https:\/\/saptamanagiurgiuveana.ro\/wp\/2018\/12\/07\/marian-mina-explica-intarzierile-salariale-de-la-dgaspc-giurgiu-si-asigura-ca-salariatii-isi-vor-primi-drepturile\/","title":{"rendered":"Marian Mina, explic\u0103 \u00eent\u00e2rzierile salariale de la DGASPC Giurgiu \u015fi asigur\u0103 c\u0103 salaria\u0163ii \u00ee\u015fi vor primi drepturile"},"content":{"rendered":"<div id=\"js_2s0\" class=\"_5pbx userContent _3576\" data-ad-preview=\"message\" data-ft=\"{&quot;tn&quot;:&quot;K&quot;}\">\n<div id=\"id_5c0a6ef4742d92207356193\" class=\"text_exposed_root text_exposed\">\n<p>Am convocat, ast\u0103zi, o \u015fedin\u0163\u0103 de \u00eendat\u0103 a Consiliului Jude\u0163ean Giurgiu. Singurul proiect de hot\u0103r\u00e2re aflat pe ordinea de zi, \u00een afar\u0103 de aprobarea procesului verbal al \u015fedin\u0163ei anterioare, s-a referit la rectificarea bugetului propriu de venituri \u015fi cheltuieli al jude\u0163ului Giurgiu pe anul 2018.<\/p>\n<p>Mai exact, este vorba despre redistribuirea unor sume pentru asigurarea pl\u0103\u0163ii unei p\u0103r\u0163i a salariilor angaja\u0163ilor din Direc\u0163ia General\u0103 de Asisten\u0163\u0103 Social\u0103 \u015fi Protec\u0163ia Copilului Gi<span class=\"text_exposed_show\">urgiu. A\u015fa cum am ar\u0103tat \u015fi eu \u015fi colegii mei din CJ Giurgiu, dar \u015fi directorul DGASPC, Dan Sima, am f\u0103cut\u00a0<a class=\"_58cn\" href=\"https:\/\/www.facebook.com\/hashtag\/%C3%AEntotdeauna?source=feed_text&amp;epa=HASHTAG\" data-ft=\"{&quot;type&quot;:104,&quot;tn&quot;:&quot;*N&quot;}\" target=\"_blank\" rel=\"noopener\"><span class=\"_5afx\"><span class=\"_58cl _5afz\" aria-label=\"hashtag\">#<\/span><span class=\"_58cm\">\u00eentotdeauna<\/span><\/span><\/a>\u00a0tot ce \u0163ine de noi pentru a asigura cheltuielile \u00een sistemul de asisten\u0163\u0103 social\u0103 din jude\u0163ul nostru!<\/span><\/p>\n<div class=\"text_exposed_show\">\n<p>Problemele care sunt, din p\u0103cate, de ani de zile, dar care s-au acutizat \u00een 2018, vin, pe de-o parte din faptul c\u0103, de la nivel central, nu au fost reactualizate standardele de cost, iar pe de alt\u0103 parte, salariile au fost majorate, \u00eens\u0103 bugetul alocat a r\u0103mas acela\u015fi.<\/p>\n<p>A\u015fa cum am precizat \u00een \u015fedin\u0163a de ast\u0103zi, s-a ajuns aici inclusiv din cauza unei gre\u015feli de calcul la Ministerul Muncii \u00een ceea ce prive\u015fte suma alocat\u0103 DGASPC Giurgiu.<\/p>\n<p>A\u015ftept\u0103m, ast\u0103zi, ca, \u00een \u015fedin\u0163a de Guvern, s\u0103 fie adoptate proiectele privind reactualizarea standardelor de cost, respectiv o rectificare pozitiv\u0103. F\u0103r\u0103 sprijinul autorit\u0103\u0163ilor centrale, conform legii de altfel, ne este imposibil s\u0103 rezolv\u0103m aceast\u0103 situa\u0163ie pe care nimeni nu \u015fi-o dore\u015fte.<\/p>\n<p>Vreau s\u0103 le transmit tuturor angaja\u0163ilor DGASPC Giurgiu faptul c\u0103 \u00eei \u00een\u0163eleg, c\u0103 nu este vorba despre rea-voin\u0163\u0103 din partea autorit\u0103\u0163ilor jude\u0163ene \u015fi c\u0103 facem, \u00een continuare, tot posibilul pentru a ajunge, cel t\u00e2rziu \u00een luna ianuarie, la zero cu toate restan\u0163ele!<\/p>\n<\/div>\n<\/div>\n<\/div>\n<div class=\"_3x-2\" data-ft=\"{&quot;tn&quot;:&quot;H&quot;}\">\n<div data-ft=\"{&quot;tn&quot;:&quot;H&quot;}\">\n<div class=\"mtm\">\n<div>\n<div class=\"_5cq3 _1ktf\" data-ft=\"{&quot;tn&quot;:&quot;E&quot;}\"><\/div>\n<\/div>\n<\/div>\n<\/div>\n<\/div>\n","protected":false},"excerpt":{"rendered":"<p>Am convocat, ast\u0103zi, o \u015fedin\u0163\u0103 de \u00eendat\u0103 a Consiliului Jude\u0163ean Giurgiu. Singurul proiect de hot\u0103r\u00e2re&#8230;<\/p>\n","protected":false},"author":1,"featured_media":7145,"comment_status":"closed","ping_status":"closed","sticky":false,"template":"","format":"standard","meta":{"_kadence_starter_templates_imported_post":false,"footnotes":""},"categories":[2],"tags":[],"class_list":["post-7404","post","type-post","status-publish","format-standard","has-post-thumbnail","hentry","category-stiri"],"featured_image_urls":{"full":["https:\/\/saptamanagiurgiuveana.ro\/wp\/wp-content\/uploads\/2018\/10\/43069859_1877946018956032_530230192480714752_n.jpg",800,475,false],"thumbnail":["https:\/\/saptamanagiurgiuveana.ro\/wp\/wp-content\/uploads\/2018\/10\/43069859_1877946018956032_530230192480714752_n-400x220.jpg",400,220,true],"medium":["https:\/\/saptamanagiurgiuveana.ro\/wp\/wp-content\/uploads\/2018\/10\/43069859_1877946018956032_530230192480714752_n-606x360.jpg",606,360,true],"medium_large":["https:\/\/saptamanagiurgiuveana.ro\/wp\/wp-content\/uploads\/2018\/10\/43069859_1877946018956032_530230192480714752_n.jpg",800,475,false],"large":["https:\/\/saptamanagiurgiuveana.ro\/wp\/wp-content\/uploads\/2018\/10\/43069859_1877946018956032_530230192480714752_n-606x360.jpg",606,360,true],"1536x1536":["https:\/\/saptamanagiurgiuveana.ro\/wp\/wp-content\/uploads\/2018\/10\/43069859_1877946018956032_530230192480714752_n.jpg",800,475,false],"2048x2048":["https:\/\/saptamanagiurgiuveana.ro\/wp\/wp-content\/uploads\/2018\/10\/43069859_1877946018956032_530230192480714752_n.jpg",800,475,false],"covernews-featured":["https:\/\/saptamanagiurgiuveana.ro\/wp\/wp-content\/uploads\/2018\/10\/43069859_1877946018956032_530230192480714752_n.jpg",800,475,false],"covernews-medium":["https:\/\/saptamanagiurgiuveana.ro\/wp\/wp-content\/uploads\/2018\/10\/43069859_1877946018956032_530230192480714752_n.jpg",540,321,false],"mailpoet_newsletter_max":["https:\/\/saptamanagiurgiuveana.ro\/wp\/wp-content\/uploads\/2018\/10\/43069859_1877946018956032_530230192480714752_n.jpg",800,475,false]},"author_info":{"info":["Mihaita Grigore"]},"category_info":"<a href=\"https:\/\/saptamanagiurgiuveana.ro\/wp\/category\/stiri\/\" rel=\"category tag\">Stiri<\/a>","tag_info":"Stiri","comment_count":"0","_links":{"self":[{"href":"https:\/\/saptamanagiurgiuveana.ro\/wp\/wp-json\/wp\/v2\/posts\/7404","targetHints":{"allow":["GET"]}}],"collection":[{"href":"https:\/\/saptamanagiurgiuveana.ro\/wp\/wp-json\/wp\/v2\/posts"}],"about":[{"href":"https:\/\/saptamanagiurgiuveana.ro\/wp\/wp-json\/wp\/v2\/types\/post"}],"author":[{"embeddable":true,"href":"https:\/\/saptamanagiurgiuveana.ro\/wp\/wp-json\/wp\/v2\/users\/1"}],"replies":[{"embeddable":true,"href":"https:\/\/saptamanagiurgiuveana.ro\/wp\/wp-json\/wp\/v2\/comments?post=7404"}],"version-history":[{"count":1,"href":"https:\/\/saptamanagiurgiuveana.ro\/wp\/wp-json\/wp\/v2\/posts\/7404\/revisions"}],"predecessor-version":[{"id":7405,"href":"https:\/\/saptamanagiurgiuveana.ro\/wp\/wp-json\/wp\/v2\/posts\/7404\/revisions\/7405"}],"wp:featuredmedia":[{"embeddable":true,"href":"https:\/\/saptamanagiurgiuveana.ro\/wp\/wp-json\/wp\/v2\/media\/7145"}],"wp:attachment":[{"href":"https:\/\/saptamanagiurgiuveana.ro\/wp\/wp-json\/wp\/v2\/media?parent=7404"}],"wp:term":[{"taxonomy":"category","embeddable":true,"href":"https:\/\/saptamanagiurgiuveana.ro\/wp\/wp-json\/wp\/v2\/categories?post=7404"},{"taxonomy":"post_tag","embeddable":true,"href":"https:\/\/saptamanagiurgiuveana.ro\/wp\/wp-json\/wp\/v2\/tags?post=7404"}],"curies":[{"name":"wp","href":"https:\/\/api.w.org\/{rel}","templated":true}]}}