{"id":7400,"date":"2018-12-06T10:43:21","date_gmt":"2018-12-06T08:43:21","guid":{"rendered":"http:\/\/saptamanagiurgiuveana.ro\/wp\/?p=7400"},"modified":"2018-12-06T10:43:21","modified_gmt":"2018-12-06T08:43:21","slug":"dezvoltarea-turismului-in-giurgiu-o-preocupare-de-viitor-a-municipalitatii","status":"publish","type":"post","link":"https:\/\/saptamanagiurgiuveana.ro\/wp\/2018\/12\/06\/dezvoltarea-turismului-in-giurgiu-o-preocupare-de-viitor-a-municipalitatii\/","title":{"rendered":"DEZVOLTAREA TURISMULUI \u00ceN GIURGIU, O PREOCUPARE DE VIITOR A MUNICIPALIT\u0102\u021aII"},"content":{"rendered":"<div id=\"js_88\" class=\"_5pbx userContent _3576\" data-ad-preview=\"message\" data-ft=\"{&quot;tn&quot;:&quot;K&quot;}\">\n<div id=\"id_5c08e0e95c55b2882652279\" class=\"text_exposed_root text_exposed\">\n<p>\u00cen ultima perioad\u0103, Prim\u0103ria Giurgiu a depus \u0219i c\u00e2\u0219tigat mai multe proiecte cu finan\u021bare european\u0103 pentru mai multe obiective din ora\u0219 care pot dezvolta turismul. Proiectul pentru Canalul Cama \u0219i cel cu Portul de Ambarca\u021biuni, sunt dou\u0103 proiecte ce ar putea viza un interes destul de mare pentru turi\u0219ti, la acestea ad\u0103g\u00e2ndu-se \u0219i altele tot la fel de importante pentru dezvoltarea durabil\u0103 a municipiulu<span class=\"text_exposed_show\">i.<br \/>\n\u201dVa veni vremea, prin investi\u021biile pe care le facem \u00een dezvoltarea turismului, \u00een atragerea de turi\u0219ti la Giurgiu, \u00een sus\u021binerea \u0219i promovarea turismului, s\u0103 edit\u0103m bro\u0219uri pe care s\u0103 le punem la dispozi\u021bia unit\u0103\u021bilor de cazare&#8230;E bine ca \u0219i unit\u0103\u021bile de cazare s\u0103 aib\u0103 pliante pentru ca turistul s\u0103 g\u0103seasc\u0103 unde s\u0103 mearg\u0103 \u00een ora\u0219, ce anume s\u0103 viziteze, sau unde ar putea servi masa\u201da ad\u0103ugat primarul Nicolae Barbu.<br \/>\nEdilul Nicolae Barbu a mai declarat c\u0103 urmeaz\u0103 s\u0103 fie depus un proiect cu 100% finan\u021bare european\u0103 pentru relizarea unui festival al pe\u0219telui.<br \/>\n\u201d&#8230;nu exist\u0103 nici o sus\u021binere a municipalit\u0103\u021bii pentru acest proiect, contribu\u021bia financiar\u0103 este 0. C\u00e2\u0219tigarea acestui proiect \u00eenseamn\u0103 atragerea unui segment de investitori, dar \u0219i de consumatori ai turismului,\u201d a conchis Nicolae Barbu.<\/span><\/p>\n<\/div>\n<\/div>\n<div class=\"_3x-2\" data-ft=\"{&quot;tn&quot;:&quot;H&quot;}\">\n<div data-ft=\"{&quot;tn&quot;:&quot;H&quot;}\">\n<div class=\"mtm\">\n<div>\n<div class=\"_5cq3 _1ktf\" data-ft=\"{&quot;tn&quot;:&quot;E&quot;}\">\n<div id=\"u_26_h\" class=\"uiScaledImageContainer _4-ep\"><img fetchpriority=\"high\" decoding=\"async\" class=\"scaledImageFitHeight img aligncenter\" src=\"https:\/\/scontent.fotp1-2.fna.fbcdn.net\/v\/t1.0-0\/s480x480\/47579694_1126537840841103_7226272124648816640_n.jpg?_nc_cat=108&amp;_nc_ht=scontent.fotp1-2.fna&amp;oh=9e792a49b55b8b66ecb72d1bf86e1284&amp;oe=5C667F37\" alt=\"Fotografia postat\u0103 de Primaria Municipiului Giurgiu.\" width=\"475\" height=\"176\" \/><\/div>\n<\/div>\n<\/div>\n<\/div>\n<\/div>\n<\/div>\n","protected":false},"excerpt":{"rendered":"<p>\u00cen ultima perioad\u0103, Prim\u0103ria Giurgiu a depus \u0219i c\u00e2\u0219tigat mai multe proiecte cu finan\u021bare european\u0103&#8230;<\/p>\n","protected":false},"author":1,"featured_media":6703,"comment_status":"closed","ping_status":"closed","sticky":false,"template":"","format":"standard","meta":{"_kadence_starter_templates_imported_post":false,"footnotes":""},"categories":[2],"tags":[],"class_list":["post-7400","post","type-post","status-publish","format-standard","has-post-thumbnail","hentry","category-stiri"],"featured_image_urls":{"full":["https:\/\/saptamanagiurgiuveana.ro\/wp\/wp-content\/uploads\/2018\/07\/images.jpg",273,184,false],"thumbnail":["https:\/\/saptamanagiurgiuveana.ro\/wp\/wp-content\/uploads\/2018\/07\/images.jpg",273,184,false],"medium":["https:\/\/saptamanagiurgiuveana.ro\/wp\/wp-content\/uploads\/2018\/07\/images.jpg",273,184,false],"medium_large":["https:\/\/saptamanagiurgiuveana.ro\/wp\/wp-content\/uploads\/2018\/07\/images.jpg",273,184,false],"large":["https:\/\/saptamanagiurgiuveana.ro\/wp\/wp-content\/uploads\/2018\/07\/images.jpg",273,184,false],"1536x1536":["https:\/\/saptamanagiurgiuveana.ro\/wp\/wp-content\/uploads\/2018\/07\/images.jpg",273,184,false],"2048x2048":["https:\/\/saptamanagiurgiuveana.ro\/wp\/wp-content\/uploads\/2018\/07\/images.jpg",273,184,false],"covernews-featured":["https:\/\/saptamanagiurgiuveana.ro\/wp\/wp-content\/uploads\/2018\/07\/images.jpg",273,184,false],"covernews-medium":["https:\/\/saptamanagiurgiuveana.ro\/wp\/wp-content\/uploads\/2018\/07\/images.jpg",273,184,false],"mailpoet_newsletter_max":["https:\/\/saptamanagiurgiuveana.ro\/wp\/wp-content\/uploads\/2018\/07\/images.jpg",273,184,false]},"author_info":{"info":["Mihaita Grigore"]},"category_info":"<a href=\"https:\/\/saptamanagiurgiuveana.ro\/wp\/category\/stiri\/\" rel=\"category tag\">Stiri<\/a>","tag_info":"Stiri","comment_count":"0","_links":{"self":[{"href":"https:\/\/saptamanagiurgiuveana.ro\/wp\/wp-json\/wp\/v2\/posts\/7400","targetHints":{"allow":["GET"]}}],"collection":[{"href":"https:\/\/saptamanagiurgiuveana.ro\/wp\/wp-json\/wp\/v2\/posts"}],"about":[{"href":"https:\/\/saptamanagiurgiuveana.ro\/wp\/wp-json\/wp\/v2\/types\/post"}],"author":[{"embeddable":true,"href":"https:\/\/saptamanagiurgiuveana.ro\/wp\/wp-json\/wp\/v2\/users\/1"}],"replies":[{"embeddable":true,"href":"https:\/\/saptamanagiurgiuveana.ro\/wp\/wp-json\/wp\/v2\/comments?post=7400"}],"version-history":[{"count":1,"href":"https:\/\/saptamanagiurgiuveana.ro\/wp\/wp-json\/wp\/v2\/posts\/7400\/revisions"}],"predecessor-version":[{"id":7401,"href":"https:\/\/saptamanagiurgiuveana.ro\/wp\/wp-json\/wp\/v2\/posts\/7400\/revisions\/7401"}],"wp:featuredmedia":[{"embeddable":true,"href":"https:\/\/saptamanagiurgiuveana.ro\/wp\/wp-json\/wp\/v2\/media\/6703"}],"wp:attachment":[{"href":"https:\/\/saptamanagiurgiuveana.ro\/wp\/wp-json\/wp\/v2\/media?parent=7400"}],"wp:term":[{"taxonomy":"category","embeddable":true,"href":"https:\/\/saptamanagiurgiuveana.ro\/wp\/wp-json\/wp\/v2\/categories?post=7400"},{"taxonomy":"post_tag","embeddable":true,"href":"https:\/\/saptamanagiurgiuveana.ro\/wp\/wp-json\/wp\/v2\/tags?post=7400"}],"curies":[{"name":"wp","href":"https:\/\/api.w.org\/{rel}","templated":true}]}}