{"id":7311,"date":"2018-10-24T10:58:52","date_gmt":"2018-10-24T07:58:52","guid":{"rendered":"http:\/\/saptamanagiurgiuveana.ro\/wp\/?p=7311"},"modified":"2018-10-24T10:58:52","modified_gmt":"2018-10-24T07:58:52","slug":"importante-proiecte-de-investitii-ale-municipalitatii","status":"publish","type":"post","link":"https:\/\/saptamanagiurgiuveana.ro\/wp\/2018\/10\/24\/importante-proiecte-de-investitii-ale-municipalitatii\/","title":{"rendered":"Importante proiecte de investi\u021bii ale municipalit\u0103\u021bii"},"content":{"rendered":"<p>M\u00e2ine, 25 octombrie, va avea loc o nou\u0103 \u0219edin\u021b\u0103 extraordinar\u0103, cu 29 de proiecte de hot\u0103r\u00e2ri pe ordinea de zi, dintre care 23 vizeaz\u0103 importante proiecte de investi\u021bii ale municipalit\u0103\u021bii, aflate \u00een diferite faze premerg\u0103toare depunerii spre finan\u021bare din fonduri europene, iar alte dou\u0103, obiective de investi\u021bii cu finan\u021bare de la bugetul local.<br \/>\nEste vorba despre:<br \/>\n&#8211; modernizarea infrastructurii de transport public pe coridoroarele de mobilitate urban\u0103 Central, Vestic \u0219i Esti<span class=\"text_exposed_show\">c ale municipiului Giurgiu; pentru fiecare din aceste trei proiecte \u00een \u0219edin\u021ba extraordinar\u0103 de m\u00e2ine vor fi supuse aprob\u0103rii consilierilor documenta\u021bia tehnico-economic\u0103 (faza SF\/DALI) \u0219i principalii indicatori tehnico-economici, documentul \u201ePolitica de parcare public\u0103 \u00een aria de impact a proiectului\u201d, precum \u0219i depunerea cererii de finan\u021bare.<br \/>\n&#8211; Amenajarea de spa\u021bii de agrement pe Canal Cama \u2013 Zona median\u0103 (Obiectiv de investi\u021bii: Amenajare Canal Cama \u2013 Etapa II) \u0219i adiacent Veriga. Pentru aceste dou\u0103 proiecte vor fi supuse aprob\u0103rii documenta\u021bia tehnico-economic\u0103 (faza SF\/DALI) \u0219i principalii indicatori tehnico-economici, precum \u0219i depunerea cererii de finan\u021bare.<br \/>\nAlte cinci proiecte pentru care se propune aprobarea documenta\u021biei tehnico-economice (faza SF\/DALI), principalii indicatori tehnico-economici \u0219i depunerea cererii de finan\u021bare sunt:<br \/>\n&#8211; \u201eDezvoltare local\u0103 integrat\u0103 \u00een comunitatea marginalizat\u0103 Istru \u2013 zona Seminar Teologic&#8221;;<br \/>\n&#8211; \u201eDezvoltare local\u0103 integrat\u0103 \u00een comunitatea marginalizat\u0103 Istru \u2013 zona Locuin\u021be Sociale&#8221;;<br \/>\n&#8211; \u201eModernizare Gr\u0103dini\u021ba C\u0103su\u021ba Fermecat\u0103 (nr.4) Giurgiu&#8221;;<br \/>\n&#8211; \u201eReabilitarea, extinderea \u0219i dotarea Gr\u0103dini\u021bei cu program normal nr. 3 \u2013 Giurgiu&#8221;;<br \/>\n&#8211; \u201eRegenerare urban\u0103 \u00een zona marginalizat\u0103 C\u0103r\u0103midarii Noi&#8221;.<br \/>\nCele dou\u0103 obiective de investi\u021bii ce vor fi realizate din fonduri de la bugetul local sunt \u201eModernizare carosabil strada C\u0103r\u0103midarii Vechi\u201d \u0219i \u201eModernizare carosabil strada Negru Vod\u0103\u201d. \u00cen \u0219edin\u021ba extraordinar\u0103 de m\u00e2ine se propune aprobarea indicatorilor tehnico-economici.<\/span><\/p>\n","protected":false},"excerpt":{"rendered":"<p>M\u00e2ine, 25 octombrie, va avea loc o nou\u0103 \u0219edin\u021b\u0103 extraordinar\u0103, cu 29 de proiecte de&#8230;<\/p>\n","protected":false},"author":1,"featured_media":6703,"comment_status":"closed","ping_status":"closed","sticky":false,"template":"","format":"standard","meta":{"_kadence_starter_templates_imported_post":false,"footnotes":""},"categories":[2],"tags":[],"class_list":["post-7311","post","type-post","status-publish","format-standard","has-post-thumbnail","hentry","category-stiri"],"featured_image_urls":{"full":["https:\/\/saptamanagiurgiuveana.ro\/wp\/wp-content\/uploads\/2018\/07\/images.jpg",273,184,false],"thumbnail":["https:\/\/saptamanagiurgiuveana.ro\/wp\/wp-content\/uploads\/2018\/07\/images.jpg",273,184,false],"medium":["https:\/\/saptamanagiurgiuveana.ro\/wp\/wp-content\/uploads\/2018\/07\/images.jpg",273,184,false],"medium_large":["https:\/\/saptamanagiurgiuveana.ro\/wp\/wp-content\/uploads\/2018\/07\/images.jpg",273,184,false],"large":["https:\/\/saptamanagiurgiuveana.ro\/wp\/wp-content\/uploads\/2018\/07\/images.jpg",273,184,false],"1536x1536":["https:\/\/saptamanagiurgiuveana.ro\/wp\/wp-content\/uploads\/2018\/07\/images.jpg",273,184,false],"2048x2048":["https:\/\/saptamanagiurgiuveana.ro\/wp\/wp-content\/uploads\/2018\/07\/images.jpg",273,184,false],"covernews-featured":["https:\/\/saptamanagiurgiuveana.ro\/wp\/wp-content\/uploads\/2018\/07\/images.jpg",273,184,false],"covernews-medium":["https:\/\/saptamanagiurgiuveana.ro\/wp\/wp-content\/uploads\/2018\/07\/images.jpg",273,184,false],"mailpoet_newsletter_max":["https:\/\/saptamanagiurgiuveana.ro\/wp\/wp-content\/uploads\/2018\/07\/images.jpg",273,184,false]},"author_info":{"info":["Mihaita Grigore"]},"category_info":"<a href=\"https:\/\/saptamanagiurgiuveana.ro\/wp\/category\/stiri\/\" rel=\"category tag\">Stiri<\/a>","tag_info":"Stiri","comment_count":"0","_links":{"self":[{"href":"https:\/\/saptamanagiurgiuveana.ro\/wp\/wp-json\/wp\/v2\/posts\/7311","targetHints":{"allow":["GET"]}}],"collection":[{"href":"https:\/\/saptamanagiurgiuveana.ro\/wp\/wp-json\/wp\/v2\/posts"}],"about":[{"href":"https:\/\/saptamanagiurgiuveana.ro\/wp\/wp-json\/wp\/v2\/types\/post"}],"author":[{"embeddable":true,"href":"https:\/\/saptamanagiurgiuveana.ro\/wp\/wp-json\/wp\/v2\/users\/1"}],"replies":[{"embeddable":true,"href":"https:\/\/saptamanagiurgiuveana.ro\/wp\/wp-json\/wp\/v2\/comments?post=7311"}],"version-history":[{"count":1,"href":"https:\/\/saptamanagiurgiuveana.ro\/wp\/wp-json\/wp\/v2\/posts\/7311\/revisions"}],"predecessor-version":[{"id":7312,"href":"https:\/\/saptamanagiurgiuveana.ro\/wp\/wp-json\/wp\/v2\/posts\/7311\/revisions\/7312"}],"wp:featuredmedia":[{"embeddable":true,"href":"https:\/\/saptamanagiurgiuveana.ro\/wp\/wp-json\/wp\/v2\/media\/6703"}],"wp:attachment":[{"href":"https:\/\/saptamanagiurgiuveana.ro\/wp\/wp-json\/wp\/v2\/media?parent=7311"}],"wp:term":[{"taxonomy":"category","embeddable":true,"href":"https:\/\/saptamanagiurgiuveana.ro\/wp\/wp-json\/wp\/v2\/categories?post=7311"},{"taxonomy":"post_tag","embeddable":true,"href":"https:\/\/saptamanagiurgiuveana.ro\/wp\/wp-json\/wp\/v2\/tags?post=7311"}],"curies":[{"name":"wp","href":"https:\/\/api.w.org\/{rel}","templated":true}]}}