{"id":7031,"date":"2018-10-02T12:34:52","date_gmt":"2018-10-02T09:34:52","guid":{"rendered":"http:\/\/saptamanagiurgiuveana.ro\/wp\/?p=7031"},"modified":"2018-10-02T13:31:14","modified_gmt":"2018-10-02T10:31:14","slug":"la-un-fotbal-de-mocirla-am-adus-oameni-de-la-televizor","status":"publish","type":"post","link":"https:\/\/saptamanagiurgiuveana.ro\/wp\/2018\/10\/02\/la-un-fotbal-de-mocirla-am-adus-oameni-de-la-televizor\/","title":{"rendered":"La un fotbal de mocirl\u0103 am adus oameni de la televizor !"},"content":{"rendered":"<p style=\"text-align: right;\">Editor:Alice Dumitrache<\/p>\n<p><img fetchpriority=\"high\" decoding=\"async\" class=\" wp-image-7033 aligncenter\" src=\"http:\/\/saptamanagiurgiuveana.ro\/wp\/wp-content\/uploads\/2018\/10\/40081960_716997628645817_5319943575989911552_n-630x354.jpg\" alt=\"\" width=\"523\" height=\"294\" srcset=\"https:\/\/saptamanagiurgiuveana.ro\/wp\/wp-content\/uploads\/2018\/10\/40081960_716997628645817_5319943575989911552_n-630x354.jpg 630w, https:\/\/saptamanagiurgiuveana.ro\/wp\/wp-content\/uploads\/2018\/10\/40081960_716997628645817_5319943575989911552_n.jpg 641w\" sizes=\"(max-width: 523px) 100vw, 523px\" \/><\/p>\n<p>\u201eMai pe \u00een\u021belesul tuturor, la un fotbal de mocirl\u0103, am adus oameni de la televizor \u201d , sus\u021bine secretarul Pricopie Alexandru.<\/p>\n<p style=\"text-align: left;\">T\u00e2n\u0103ra echip\u0103 \u201eFC Bolintin Malu Spart\u201d cu anul \u00eenfiin\u021b\u0103rii: 1972. \u00cen vara anului 1978 ,dup\u0103 6 ani de la \u00eenfiin\u021bare \u201eUnirea Bolintin Vale\u201d reu\u0219e\u0219te s\u0103 promoveze \u00een Divia C, Bolintin Vale devenind una \u00een cele 266 de localit\u0103\u021bi care aveau cel pu\u021bin o reprezentat\u0103 \u00een primele trei divizii ale fotbalului rom\u00e2nesc. \u00cen primul an echip\u0103 a avut o presta\u021bie bun\u0103 \u00een seria a V-a (bucure\u0219tean\u0103) a diviziei C, ocup\u00e2nd locul 11 la finalul campionatului. Dup\u0103 acea istorie, echip\u0103 a mai fost \u00een e\u0219alonul superior, \u00een perioad\u0103 2001 \u2013 2004<br \/>\nLocul 8, \u00een anul 2001-2002<br \/>\nLocul 6, \u00een anul 2002-2003<br \/>\nLocul 11, anul 2003-2004 (fiind ultimul an)<br \/>\nUn alt episod memorabil, \u00eel reprezint\u0103 \u0218aisprezecimile Cupei Rom\u00e2nia, unde am \u00eent\u00e2lnit echip\u0103 din Divizia A, FC Arge\u0219 .Campioan\u0103 a jude\u021bului Giurgiu la fotbal \u00een 2013, a reu\u0219it s\u0103-\u0219i consulideze locul in fruntea clasamentului, in etapa a \u0219asea din Lig\u0103 a IV-a, \u00een seria NORD, av\u00e2nd o victorie clar\u0103 \u0219i meritat\u0103 cu scorul de 3-1, \u00een derby-ul cu Arge\u0219ul Mih\u0103ilesti, prin golurile marcate de Iancu, Curt \u0219i Constantin.\u00cen frunte cu pre\u0219edintele B\u0103d\u0103l\u0103u Gabriel si vicepre\u0219edintele Zamfir Ilie se m\u00e2ndre\u0219te s\u0103 fie antrenat\u0103 de Florin Anghel, fost juc\u0103tor la lig\u0103 1 trec\u00e2ndu-\u0219i \u00een cont echipe precum: FC Bra\u0219ov, FC Vaslui,iar echipa de copii si juniori, antrenata de G\u0103van Eugen, fost fotbalist la Rapid Bucuresti&#8221;<br \/>\nPortari: Copil Ioan, Dragos Dobre<br \/>\nFunda\u0219i: Rosioru Florin, P\u0103dure\u021bu Alexandru (cpt.), Mihai Gabriel, Cataros Dan, \u0218tefan George-Vlad, Cone Giani<br \/>\nMijloca\u0219i: Varzaru Andrei-Lauren\u021biu, Gheorghiu Drago\u0219-Geroge, Iordache Paul,Curt M\u00ee\u021bu\u0219 , Croitoru Valentin, Matei Ionel, Iordan Florin, Zuluf Nicolae<br \/>\nAtacan\u021bi: Dumitru \u0218tefan, Lupu Valeriu, Constantin Alexandru, P\u0103un \u0218tefan, Anghel Florin<br \/>\nTot acest minunat colectiv, din spatele unei echipe de tradi\u021bie aduce \u00een lumea fotbalului adev\u0103ratul sens al cuv\u00e2ntului Fair Play promov\u00e2ndu-l prin noi activit\u0103ti. Nu totul se rezum\u0103 la antrenamentele obositoare de zi cu zi fiind o echip\u0103 onorabil\u0103 cu respect fat\u0103 de adversari !<br \/>\n\u201eAsta e un spirit promovat la nivel european, unde poze cu jucatori de la 2 echipe diferite, unul langa celalalt, vezi doar \u00een Europa League sau Champions League.\u00a0\u201d fiind afirma\u021biile secretarului de echip\u0103 Pricopie Alexandru<\/p>\n<p>B\u0103ietii de la FC Bolintin Malu Spart au parte de prima galerie branduit\u0103, Brigad\u0103 Bolintin fiind unic\u0103 \u00een jude\u021bul Giurgiu. Galeria \u00ee\u0219i sus\u021bine prefera\u021bii fiind prezent\u0103 la fiecare meci f\u0103r\u0103 a manifest\u0103 violen\u021be sau incidente nepl\u0103cute pentru specatarori.<\/p>\n<p><img decoding=\"async\" class=\"alignnone size-medium wp-image-7034 lazyload\" data-src=\"http:\/\/saptamanagiurgiuveana.ro\/wp\/wp-content\/uploads\/2018\/10\/42901601_301717130421495_45561786170081280_n-630x349.jpg\" alt=\"\" width=\"630\" height=\"349\" data-srcset=\"https:\/\/saptamanagiurgiuveana.ro\/wp\/wp-content\/uploads\/2018\/10\/42901601_301717130421495_45561786170081280_n-630x349.jpg 630w, https:\/\/saptamanagiurgiuveana.ro\/wp\/wp-content\/uploads\/2018\/10\/42901601_301717130421495_45561786170081280_n.jpg 650w\" data-sizes=\"(max-width: 630px) 100vw, 630px\" src=\"data:image\/svg+xml;base64,PHN2ZyB3aWR0aD0iMSIgaGVpZ2h0PSIxIiB4bWxucz0iaHR0cDovL3d3dy53My5vcmcvMjAwMC9zdmciPjwvc3ZnPg==\" style=\"--smush-placeholder-width: 630px; --smush-placeholder-aspect-ratio: 630\/349;\" \/><\/p>\n<p style=\"text-align: left;\">\u021ainerii juc\u0103tori \u00ee\u0219i \u00eempart echipamentele cu cei mici ! La fiecare meci invita\u021bia c\u0103tre cet\u0103teni este f\u0103cuta de un prichindel \u00eembr\u0103cat \u00een echipamentul tat\u0103lui s\u0103u .<\/p>\n<p>\u00a0\u00a0<img decoding=\"async\" class=\"alignnone wp-image-7036 lazyload\" data-src=\"http:\/\/saptamanagiurgiuveana.ro\/wp\/wp-content\/uploads\/2018\/10\/43078605_2370081729885718_1506000917650997248_n-355x360.jpg\" alt=\"\" width=\"272\" height=\"275\" src=\"data:image\/svg+xml;base64,PHN2ZyB3aWR0aD0iMSIgaGVpZ2h0PSIxIiB4bWxucz0iaHR0cDovL3d3dy53My5vcmcvMjAwMC9zdmciPjwvc3ZnPg==\" style=\"--smush-placeholder-width: 272px; --smush-placeholder-aspect-ratio: 272\/275;\" \/><img decoding=\"async\" class=\"alignnone wp-image-7035 lazyload\" data-src=\"http:\/\/saptamanagiurgiuveana.ro\/wp\/wp-content\/uploads\/2018\/10\/42906825_1189106424561977_184830481609523200_n-357x360.jpg\" alt=\"\" width=\"272\" height=\"274\" src=\"data:image\/svg+xml;base64,PHN2ZyB3aWR0aD0iMSIgaGVpZ2h0PSIxIiB4bWxucz0iaHR0cDovL3d3dy53My5vcmcvMjAwMC9zdmciPjwvc3ZnPg==\" style=\"--smush-placeholder-width: 272px; --smush-placeholder-aspect-ratio: 272\/274;\" \/><\/p>\n<p style=\"text-align: left;\">Spiritul de dezvoltare al acestei echipe \u0219i profesionalismul de care a dat dovad\u0103 colectivul minunat \u00eei \u00eendrum\u0103 pe juc\u0103tori \u00een lupt\u0103 crancen\u0103 pentru balon. R\u0103manem cu ochii pe ei pentru surprizele pe care le anunt\u0103 !<\/p>\n<p style=\"text-align: left;\">\u00a0 \u00a0 \u00a0 \u00a0 \u00a0 \u00a0 \u00a0 \u00a0 \u00a0 \u00a0 \u00a0 \u00a0 \u00a0 \u00a0 \u00a0 \u00a0 \u00a0 \u00a0 \u00a0 \u00a0 \u00a0 \u00a0 \u00a0 \u00a0 \u00a0 \u00a0 \u00a0 \u00a0 \u00a0 \u00a0 \u00a0 \u00a0 \u00a0 \u00a0 \u00a0 \u00a0 \u00a0 \u00a0 \u00a0 \u00a0 \u00a0 \u00a0 \u00a0 \u00a0 \u00a0 \u00a0 \u00a0 \u00a0 \u00a0 \u00a0 \u00a0Hai FC BOLINTIN MALU SPART !<\/p>\n","protected":false},"excerpt":{"rendered":"<p>Editor:Alice Dumitrache \u201eMai pe \u00een\u021belesul tuturor, la un fotbal de mocirl\u0103, am adus oameni de&#8230;<\/p>\n","protected":false},"author":1,"featured_media":7032,"comment_status":"closed","ping_status":"closed","sticky":false,"template":"","format":"standard","meta":{"_kadence_starter_templates_imported_post":false,"footnotes":""},"categories":[2],"tags":[],"class_list":["post-7031","post","type-post","status-publish","format-standard","has-post-thumbnail","hentry","category-stiri"],"featured_image_urls":{"full":["https:\/\/saptamanagiurgiuveana.ro\/wp\/wp-content\/uploads\/2018\/10\/14591690_352323311779919_5481580065347354541_n.png",360,360,false],"thumbnail":["https:\/\/saptamanagiurgiuveana.ro\/wp\/wp-content\/uploads\/2018\/10\/14591690_352323311779919_5481580065347354541_n-360x220.png",360,220,true],"medium":["https:\/\/saptamanagiurgiuveana.ro\/wp\/wp-content\/uploads\/2018\/10\/14591690_352323311779919_5481580065347354541_n-360x360.png",360,360,true],"medium_large":["https:\/\/saptamanagiurgiuveana.ro\/wp\/wp-content\/uploads\/2018\/10\/14591690_352323311779919_5481580065347354541_n.png",360,360,false],"large":["https:\/\/saptamanagiurgiuveana.ro\/wp\/wp-content\/uploads\/2018\/10\/14591690_352323311779919_5481580065347354541_n-360x360.png",360,360,true],"1536x1536":["https:\/\/saptamanagiurgiuveana.ro\/wp\/wp-content\/uploads\/2018\/10\/14591690_352323311779919_5481580065347354541_n.png",360,360,false],"2048x2048":["https:\/\/saptamanagiurgiuveana.ro\/wp\/wp-content\/uploads\/2018\/10\/14591690_352323311779919_5481580065347354541_n.png",360,360,false],"covernews-featured":["https:\/\/saptamanagiurgiuveana.ro\/wp\/wp-content\/uploads\/2018\/10\/14591690_352323311779919_5481580065347354541_n.png",360,360,false],"covernews-medium":["https:\/\/saptamanagiurgiuveana.ro\/wp\/wp-content\/uploads\/2018\/10\/14591690_352323311779919_5481580065347354541_n.png",340,340,false],"mailpoet_newsletter_max":["https:\/\/saptamanagiurgiuveana.ro\/wp\/wp-content\/uploads\/2018\/10\/14591690_352323311779919_5481580065347354541_n.png",360,360,false]},"author_info":{"info":["Mihaita Grigore"]},"category_info":"<a href=\"https:\/\/saptamanagiurgiuveana.ro\/wp\/category\/stiri\/\" rel=\"category tag\">Stiri<\/a>","tag_info":"Stiri","comment_count":"0","_links":{"self":[{"href":"https:\/\/saptamanagiurgiuveana.ro\/wp\/wp-json\/wp\/v2\/posts\/7031","targetHints":{"allow":["GET"]}}],"collection":[{"href":"https:\/\/saptamanagiurgiuveana.ro\/wp\/wp-json\/wp\/v2\/posts"}],"about":[{"href":"https:\/\/saptamanagiurgiuveana.ro\/wp\/wp-json\/wp\/v2\/types\/post"}],"author":[{"embeddable":true,"href":"https:\/\/saptamanagiurgiuveana.ro\/wp\/wp-json\/wp\/v2\/users\/1"}],"replies":[{"embeddable":true,"href":"https:\/\/saptamanagiurgiuveana.ro\/wp\/wp-json\/wp\/v2\/comments?post=7031"}],"version-history":[{"count":8,"href":"https:\/\/saptamanagiurgiuveana.ro\/wp\/wp-json\/wp\/v2\/posts\/7031\/revisions"}],"predecessor-version":[{"id":7056,"href":"https:\/\/saptamanagiurgiuveana.ro\/wp\/wp-json\/wp\/v2\/posts\/7031\/revisions\/7056"}],"wp:featuredmedia":[{"embeddable":true,"href":"https:\/\/saptamanagiurgiuveana.ro\/wp\/wp-json\/wp\/v2\/media\/7032"}],"wp:attachment":[{"href":"https:\/\/saptamanagiurgiuveana.ro\/wp\/wp-json\/wp\/v2\/media?parent=7031"}],"wp:term":[{"taxonomy":"category","embeddable":true,"href":"https:\/\/saptamanagiurgiuveana.ro\/wp\/wp-json\/wp\/v2\/categories?post=7031"},{"taxonomy":"post_tag","embeddable":true,"href":"https:\/\/saptamanagiurgiuveana.ro\/wp\/wp-json\/wp\/v2\/tags?post=7031"}],"curies":[{"name":"wp","href":"https:\/\/api.w.org\/{rel}","templated":true}]}}