{"id":6299,"date":"2018-02-17T11:11:53","date_gmt":"2018-02-17T09:11:53","guid":{"rendered":"http:\/\/saptamanagiurgiuveana.ro\/wp\/?p=6299"},"modified":"2018-02-17T11:11:53","modified_gmt":"2018-02-17T09:11:53","slug":"sedinta-bpm-la-alde-giurgiu","status":"publish","type":"post","link":"https:\/\/saptamanagiurgiuveana.ro\/wp\/2018\/02\/17\/sedinta-bpm-la-alde-giurgiu\/","title":{"rendered":"\u0218edin\u021b\u0103 BPM la ALDE Giurgiu"},"content":{"rendered":"<p>Joi, 15 februarie 2018, Organiza\u021bia municipal\u0103 ALDE Giurgiu s-a \u00eentrunit \u00een \u0219edin\u021b\u0103 de birou politic, pentru a dezbate principalele probleme organizatorice, ce au ca scop atragerea de noi membri \u00een organiza\u021bie \u0219i \u00eent\u0103rirea actualei echipe. \u0218edin\u021ba Biroului Politic Municipal a fost prezidat\u0103 de pre\u0219edintele Organiza\u021biei Jude\u021bene ALDE Giurgiu, deputatul\u00a0<a class=\"profileLink\" href=\"https:\/\/www.facebook.com\/profile.php?id=100009659912924&amp;fref=mentions\" data-hovercard=\"\/ajax\/hovercard\/user.php?id=100009659912924&amp;extragetparams=%7B%22fref%22%3A%22mentions%22%7D\" data-hovercard-prefer-more-content-show=\"1\" target=\"_blank\" rel=\"noopener\">Toma Petcu<\/a>, domnia sa fiind \u0219i cel care a explicat pe larg care va fi programul de activit\u0103\u021bi al\u00a0<span class=\"text_exposed_show\">partidului pentru perioada urm\u0103toare.<br \/>\n,,M-am m\u00e2ndrit tot timpul cu echipa de la municipiu \u0219i \u00eemi doresc ca trendul din 2014 s\u0103 fie men\u021binut \u0219i \u00eembun\u0103t\u0103\u021bit. \u00cen urm\u0103toarea perioad\u0103 vom \u00eencerca s\u0103 ne implic\u0103m \u00een reorganizarea ALDE, pornind de la structura de jos. \u00cemi doresc ca \u00een viitor s\u0103 comunic\u0103m c\u00e2t mai des cu electoratul giurgiuvean \u0219i s\u0103-l convingem c\u0103 ALDE este cea mai bun\u0103 variant\u0103 pentru ei\u201d, a declarat deputatul, Toma Petcu.<\/span><\/p>\n","protected":false},"excerpt":{"rendered":"<p>Joi, 15 februarie 2018, Organiza\u021bia municipal\u0103 ALDE Giurgiu s-a \u00eentrunit \u00een \u0219edin\u021b\u0103 de birou politic,&#8230;<\/p>\n","protected":false},"author":1,"featured_media":6300,"comment_status":"closed","ping_status":"closed","sticky":false,"template":"","format":"standard","meta":{"_kadence_starter_templates_imported_post":false,"footnotes":""},"categories":[2],"tags":[],"class_list":["post-6299","post","type-post","status-publish","format-standard","has-post-thumbnail","hentry","category-stiri"],"featured_image_urls":{"full":["https:\/\/saptamanagiurgiuveana.ro\/wp\/wp-content\/uploads\/2018\/02\/28166566_363296340812050_3533598183286270486_n.jpg",480,360,false],"thumbnail":["https:\/\/saptamanagiurgiuveana.ro\/wp\/wp-content\/uploads\/2018\/02\/28166566_363296340812050_3533598183286270486_n-390x210.jpg",390,210,true],"medium":["https:\/\/saptamanagiurgiuveana.ro\/wp\/wp-content\/uploads\/2018\/02\/28166566_363296340812050_3533598183286270486_n-480x360.jpg",480,360,true],"medium_large":["https:\/\/saptamanagiurgiuveana.ro\/wp\/wp-content\/uploads\/2018\/02\/28166566_363296340812050_3533598183286270486_n.jpg",480,360,false],"large":["https:\/\/saptamanagiurgiuveana.ro\/wp\/wp-content\/uploads\/2018\/02\/28166566_363296340812050_3533598183286270486_n-480x360.jpg",480,360,true],"1536x1536":["https:\/\/saptamanagiurgiuveana.ro\/wp\/wp-content\/uploads\/2018\/02\/28166566_363296340812050_3533598183286270486_n.jpg",480,360,false],"2048x2048":["https:\/\/saptamanagiurgiuveana.ro\/wp\/wp-content\/uploads\/2018\/02\/28166566_363296340812050_3533598183286270486_n.jpg",480,360,false],"covernews-featured":["https:\/\/saptamanagiurgiuveana.ro\/wp\/wp-content\/uploads\/2018\/02\/28166566_363296340812050_3533598183286270486_n.jpg",480,360,false],"covernews-medium":["https:\/\/saptamanagiurgiuveana.ro\/wp\/wp-content\/uploads\/2018\/02\/28166566_363296340812050_3533598183286270486_n.jpg",453,340,false],"mailpoet_newsletter_max":["https:\/\/saptamanagiurgiuveana.ro\/wp\/wp-content\/uploads\/2018\/02\/28166566_363296340812050_3533598183286270486_n.jpg",480,360,false]},"author_info":{"info":["Mihaita Grigore"]},"category_info":"<a href=\"https:\/\/saptamanagiurgiuveana.ro\/wp\/category\/stiri\/\" rel=\"category tag\">Stiri<\/a>","tag_info":"Stiri","comment_count":"0","_links":{"self":[{"href":"https:\/\/saptamanagiurgiuveana.ro\/wp\/wp-json\/wp\/v2\/posts\/6299","targetHints":{"allow":["GET"]}}],"collection":[{"href":"https:\/\/saptamanagiurgiuveana.ro\/wp\/wp-json\/wp\/v2\/posts"}],"about":[{"href":"https:\/\/saptamanagiurgiuveana.ro\/wp\/wp-json\/wp\/v2\/types\/post"}],"author":[{"embeddable":true,"href":"https:\/\/saptamanagiurgiuveana.ro\/wp\/wp-json\/wp\/v2\/users\/1"}],"replies":[{"embeddable":true,"href":"https:\/\/saptamanagiurgiuveana.ro\/wp\/wp-json\/wp\/v2\/comments?post=6299"}],"version-history":[{"count":1,"href":"https:\/\/saptamanagiurgiuveana.ro\/wp\/wp-json\/wp\/v2\/posts\/6299\/revisions"}],"predecessor-version":[{"id":6301,"href":"https:\/\/saptamanagiurgiuveana.ro\/wp\/wp-json\/wp\/v2\/posts\/6299\/revisions\/6301"}],"wp:featuredmedia":[{"embeddable":true,"href":"https:\/\/saptamanagiurgiuveana.ro\/wp\/wp-json\/wp\/v2\/media\/6300"}],"wp:attachment":[{"href":"https:\/\/saptamanagiurgiuveana.ro\/wp\/wp-json\/wp\/v2\/media?parent=6299"}],"wp:term":[{"taxonomy":"category","embeddable":true,"href":"https:\/\/saptamanagiurgiuveana.ro\/wp\/wp-json\/wp\/v2\/categories?post=6299"},{"taxonomy":"post_tag","embeddable":true,"href":"https:\/\/saptamanagiurgiuveana.ro\/wp\/wp-json\/wp\/v2\/tags?post=6299"}],"curies":[{"name":"wp","href":"https:\/\/api.w.org\/{rel}","templated":true}]}}