{"id":6276,"date":"2018-02-08T11:02:34","date_gmt":"2018-02-08T09:02:34","guid":{"rendered":"http:\/\/saptamanagiurgiuveana.ro\/wp\/?p=6276"},"modified":"2018-02-08T11:02:34","modified_gmt":"2018-02-08T09:02:34","slug":"targul-locurilor-de-munca14-februarie-2018","status":"publish","type":"post","link":"https:\/\/saptamanagiurgiuveana.ro\/wp\/2018\/02\/08\/targul-locurilor-de-munca14-februarie-2018\/","title":{"rendered":"T\u00e2rgul locurilor de munc\u0103,14 februarie 2018"},"content":{"rendered":"<p>Crucea Ro\u0219ie Giurgiu v\u0103 invit\u0103 miercuri, 14 februarie, de la ora 10,00, la <em>T\u00e2rgul de joburi<\/em> organizat la sediul Centrului Regional de Resurse pentru Ocuparea For\u021bei de Munc\u0103 din incinta Hotelului Vla\u0219ca (parter) din Giurgiu.<\/p>\n<p>Prin intermediul acestui t\u00e2rg dorim s\u0103 \u00a0\u00eencuraj\u0103m conexiunea pe \u00a0pia\u021ba local\u0103 a locurilor de munc\u0103 dintre angajatori \u0219i posibilii angaja\u021bi. Men\u021bion\u0103m c\u0103, \u00een cadrul evenimentului inten\u021bion\u0103m s\u0103 oferim giurgiuvenilor o palet\u0103 c\u00e2t mai larg\u0103 de locuri de munc\u0103 vacante, fiind deja confirmat\u0103 prezen\u021ba angajatorilor din diverse domenii de activitate, oferind joburi pentru persoane de diferite v\u00e2rste, cu pregatire medie \u0219i diverse calific\u0103ri.<\/p>\n","protected":false},"excerpt":{"rendered":"<p>Crucea Ro\u0219ie Giurgiu v\u0103 invit\u0103 miercuri, 14 februarie, de la ora 10,00, la T\u00e2rgul de&#8230;<\/p>\n","protected":false},"author":1,"featured_media":2668,"comment_status":"closed","ping_status":"closed","sticky":false,"template":"","format":"standard","meta":{"_kadence_starter_templates_imported_post":false,"footnotes":""},"categories":[2],"tags":[],"class_list":["post-6276","post","type-post","status-publish","format-standard","has-post-thumbnail","hentry","category-stiri"],"featured_image_urls":{"full":["https:\/\/saptamanagiurgiuveana.ro\/wp\/wp-content\/uploads\/2016\/11\/Planul_guvernului_de_a_oferi_locuri_de_munca_tinerilor.jpg",560,316,false],"thumbnail":["https:\/\/saptamanagiurgiuveana.ro\/wp\/wp-content\/uploads\/2016\/11\/Planul_guvernului_de_a_oferi_locuri_de_munca_tinerilor-150x150.jpg",150,150,true],"medium":["https:\/\/saptamanagiurgiuveana.ro\/wp\/wp-content\/uploads\/2016\/11\/Planul_guvernului_de_a_oferi_locuri_de_munca_tinerilor-300x169.jpg",300,169,true],"medium_large":["https:\/\/saptamanagiurgiuveana.ro\/wp\/wp-content\/uploads\/2016\/11\/Planul_guvernului_de_a_oferi_locuri_de_munca_tinerilor.jpg",560,316,false],"large":["https:\/\/saptamanagiurgiuveana.ro\/wp\/wp-content\/uploads\/2016\/11\/Planul_guvernului_de_a_oferi_locuri_de_munca_tinerilor.jpg",560,316,false],"1536x1536":["https:\/\/saptamanagiurgiuveana.ro\/wp\/wp-content\/uploads\/2016\/11\/Planul_guvernului_de_a_oferi_locuri_de_munca_tinerilor.jpg",560,316,false],"2048x2048":["https:\/\/saptamanagiurgiuveana.ro\/wp\/wp-content\/uploads\/2016\/11\/Planul_guvernului_de_a_oferi_locuri_de_munca_tinerilor.jpg",560,316,false],"covernews-featured":["https:\/\/saptamanagiurgiuveana.ro\/wp\/wp-content\/uploads\/2016\/11\/Planul_guvernului_de_a_oferi_locuri_de_munca_tinerilor.jpg",560,316,false],"covernews-medium":["https:\/\/saptamanagiurgiuveana.ro\/wp\/wp-content\/uploads\/2016\/11\/Planul_guvernului_de_a_oferi_locuri_de_munca_tinerilor.jpg",540,305,false],"mailpoet_newsletter_max":["https:\/\/saptamanagiurgiuveana.ro\/wp\/wp-content\/uploads\/2016\/11\/Planul_guvernului_de_a_oferi_locuri_de_munca_tinerilor.jpg",560,316,false]},"author_info":{"info":["Mihaita Grigore"]},"category_info":"<a href=\"https:\/\/saptamanagiurgiuveana.ro\/wp\/category\/stiri\/\" rel=\"category tag\">Stiri<\/a>","tag_info":"Stiri","comment_count":"0","_links":{"self":[{"href":"https:\/\/saptamanagiurgiuveana.ro\/wp\/wp-json\/wp\/v2\/posts\/6276","targetHints":{"allow":["GET"]}}],"collection":[{"href":"https:\/\/saptamanagiurgiuveana.ro\/wp\/wp-json\/wp\/v2\/posts"}],"about":[{"href":"https:\/\/saptamanagiurgiuveana.ro\/wp\/wp-json\/wp\/v2\/types\/post"}],"author":[{"embeddable":true,"href":"https:\/\/saptamanagiurgiuveana.ro\/wp\/wp-json\/wp\/v2\/users\/1"}],"replies":[{"embeddable":true,"href":"https:\/\/saptamanagiurgiuveana.ro\/wp\/wp-json\/wp\/v2\/comments?post=6276"}],"version-history":[{"count":1,"href":"https:\/\/saptamanagiurgiuveana.ro\/wp\/wp-json\/wp\/v2\/posts\/6276\/revisions"}],"predecessor-version":[{"id":6277,"href":"https:\/\/saptamanagiurgiuveana.ro\/wp\/wp-json\/wp\/v2\/posts\/6276\/revisions\/6277"}],"wp:featuredmedia":[{"embeddable":true,"href":"https:\/\/saptamanagiurgiuveana.ro\/wp\/wp-json\/wp\/v2\/media\/2668"}],"wp:attachment":[{"href":"https:\/\/saptamanagiurgiuveana.ro\/wp\/wp-json\/wp\/v2\/media?parent=6276"}],"wp:term":[{"taxonomy":"category","embeddable":true,"href":"https:\/\/saptamanagiurgiuveana.ro\/wp\/wp-json\/wp\/v2\/categories?post=6276"},{"taxonomy":"post_tag","embeddable":true,"href":"https:\/\/saptamanagiurgiuveana.ro\/wp\/wp-json\/wp\/v2\/tags?post=6276"}],"curies":[{"name":"wp","href":"https:\/\/api.w.org\/{rel}","templated":true}]}}