{"id":3816,"date":"2017-10-27T13:12:49","date_gmt":"2017-10-27T10:12:49","guid":{"rendered":"http:\/\/saptamanagiurgiuveana.ro\/wp\/?p=3816"},"modified":"2017-10-27T13:38:18","modified_gmt":"2017-10-27T10:38:18","slug":"hallowen-parti-tineretul-alde","status":"publish","type":"post","link":"https:\/\/saptamanagiurgiuveana.ro\/wp\/2017\/10\/27\/hallowen-parti-tineretul-alde\/","title":{"rendered":"HALLOWEN PARTY &#8211; TINERETUL ALDE"},"content":{"rendered":"<p>Aproape o sut\u0103 de tineri merituo\u015fi, care s-au implicat \u00een acest an \u00een activit\u0103\u0163ile de tineret ale TLDE Giurgiu, au fost invita\u0163i din tot jude\u0163ul s\u0103 participe la Hallowen Party.<\/p>\n<p>Evenimentul, devenit deja o tradi\u0163ie pentru tinerii aldi\u015fti, vine s\u0103 \u00eent\u0103reasc\u0103 via\u0163a social\u0103 a organiza\u0163iei de tineret \u015fi, ca de obicei, va fi plin de surprize pl\u0103cute.<\/p>\n<p>Pre\u015fedintele TLDE Giurgiu, Theodor Mu\u015fat, ne-a declarat c\u0103 organiza\u0163ia TLDE Giurgiu a \u00eenceput s\u0103 fie un loc \u00een care se \u00eent\u00e2mpl\u0103 evenimente pl\u0103cute pentru membri, dar \u015fi un incubator de idei \u015fi energii bune pentru perspectivele tinerilor giurgiuveni. Ace\u0219tia au fost prezen\u0163i anul acesta la toate evenimentele na\u0163ionale \u015fi ca urmare a rezultatelor ob\u021binute, Theodor Mu\u015fat a fost ales vicepre\u015fedinte al Biroului Politic Na\u0163ional al TLDE. \u00cen cur\u00e2nd va avea loc o \u00eent\u00e2lnire na\u0163ional\u0103 la Giurgiu, iar echipa giurgiuvean\u0103, fiind puternic\u0103 \u015fi bine sudat\u0103, va fi bine reprezentat\u0103 \u0219i va face o impresie deosebit\u0103.<\/p>\n<p>De altfel,\u00een perioada urm\u0103toare au hot\u0103r\u00e2t s\u0103 se al\u0103ture proiectului nostru oamenii noi, care nu au mai f\u0103cut politic\u0103 p\u00e2n\u0103 acum.<\/p>\n<p>\u201eAm avut \u00een tot acest timp sus\u0163inerea total\u0103 a pre\u015fedintelui nostru, domnul ministru Toma Petcu, pe care vreau s\u0103-l asigur, \u015fi pe calea aceasta, c\u0103 voi fi la fel de insistent \u00een a-i prezenta realit\u0103\u0163ile cu care se confrunt\u0103 tineretul giurgiuvean \u015fi c\u0103 a\u015ftept\u0103m s\u0103 ne pun\u0103 la munc\u0103 \u00een continuare pentru rezolvarea lor\u201d, a mai declarat Theodor Mu\u015fat.<\/p>\n","protected":false},"excerpt":{"rendered":"<p>Aproape o sut\u0103 de tineri merituo\u015fi, care s-au implicat \u00een acest an \u00een activit\u0103\u0163ile de&#8230;<\/p>\n","protected":false},"author":1,"featured_media":0,"comment_status":"closed","ping_status":"closed","sticky":false,"template":"","format":"standard","meta":{"_kadence_starter_templates_imported_post":false,"footnotes":""},"categories":[2],"tags":[],"class_list":["post-3816","post","type-post","status-publish","format-standard","hentry","category-stiri"],"featured_image_urls":{"full":"","thumbnail":"","medium":"","medium_large":"","large":"","1536x1536":"","2048x2048":"","covernews-featured":"","covernews-medium":"","mailpoet_newsletter_max":""},"author_info":{"info":["Mihaita Grigore"]},"category_info":"<a href=\"https:\/\/saptamanagiurgiuveana.ro\/wp\/category\/stiri\/\" rel=\"category tag\">Stiri<\/a>","tag_info":"Stiri","comment_count":"0","_links":{"self":[{"href":"https:\/\/saptamanagiurgiuveana.ro\/wp\/wp-json\/wp\/v2\/posts\/3816","targetHints":{"allow":["GET"]}}],"collection":[{"href":"https:\/\/saptamanagiurgiuveana.ro\/wp\/wp-json\/wp\/v2\/posts"}],"about":[{"href":"https:\/\/saptamanagiurgiuveana.ro\/wp\/wp-json\/wp\/v2\/types\/post"}],"author":[{"embeddable":true,"href":"https:\/\/saptamanagiurgiuveana.ro\/wp\/wp-json\/wp\/v2\/users\/1"}],"replies":[{"embeddable":true,"href":"https:\/\/saptamanagiurgiuveana.ro\/wp\/wp-json\/wp\/v2\/comments?post=3816"}],"version-history":[{"count":2,"href":"https:\/\/saptamanagiurgiuveana.ro\/wp\/wp-json\/wp\/v2\/posts\/3816\/revisions"}],"predecessor-version":[{"id":3821,"href":"https:\/\/saptamanagiurgiuveana.ro\/wp\/wp-json\/wp\/v2\/posts\/3816\/revisions\/3821"}],"wp:attachment":[{"href":"https:\/\/saptamanagiurgiuveana.ro\/wp\/wp-json\/wp\/v2\/media?parent=3816"}],"wp:term":[{"taxonomy":"category","embeddable":true,"href":"https:\/\/saptamanagiurgiuveana.ro\/wp\/wp-json\/wp\/v2\/categories?post=3816"},{"taxonomy":"post_tag","embeddable":true,"href":"https:\/\/saptamanagiurgiuveana.ro\/wp\/wp-json\/wp\/v2\/tags?post=3816"}],"curies":[{"name":"wp","href":"https:\/\/api.w.org\/{rel}","templated":true}]}}