{"id":3590,"date":"2017-08-07T09:42:32","date_gmt":"2017-08-07T06:42:32","guid":{"rendered":"http:\/\/saptamanagiurgiuveana.ro\/wp\/?p=3590"},"modified":"2017-08-07T09:42:32","modified_gmt":"2017-08-07T06:42:32","slug":"valoarea-sprijinului-financiar-pentru-persoane-cu-dizabilitati-va-fi-majorata-incepand-cu-1-ianuarie-2018","status":"publish","type":"post","link":"https:\/\/saptamanagiurgiuveana.ro\/wp\/2017\/08\/07\/valoarea-sprijinului-financiar-pentru-persoane-cu-dizabilitati-va-fi-majorata-incepand-cu-1-ianuarie-2018\/","title":{"rendered":"Valoarea sprijinului financiar pentru persoane cu dizabilit\u0103\u021bi va fi majorat\u0103 \u00eencep\u00e2nd cu 1 ianuarie 2018"},"content":{"rendered":"<p class=\"yiv2167231579MsoNormal\">Valoarea sprijinului financiar pentru persoane cu dizabilit\u0103\u021bi va fi majorat\u0103 semnificativ, \u00eencep\u00e2nd cu 1 ianuarie 2018, stabile\u0219te o Ordonan\u021b\u0103 de Urgen\u021b\u0103 adoptat\u0103 de Guvern \u00een \u0219edin\u021ba de ast\u0103zi, la propunerea Ministerului Muncii \u0219i Justi\u021biei Sociale.<\/p>\n<p class=\"yiv2167231579MsoNormal\">Actul normativ modific\u0103 Legea nr. 448\/2006 privind protec\u0163ia \u015fi promovarea drepturilor persoanelor cu handicap, astfel \u00eenc\u00e2t integrarea \u00een societate a acestei categorii de persoane s\u0103 aib\u0103 loc \u00een mod real, inclusiv prin cre\u015fterea ponderii \u00een r\u00e2ndul salaria\u0163ilor, \u00een acord cu prevederile Strategiei na\u021bionale<i>\u00a0\u201dO societate f\u0103r\u0103 bariere pentru persoanele cu dizabilit\u0103\u0163i\u201d.<\/i><\/p>\n<p class=\"yiv2167231579MsoNormal\">Una dintre cele mai importante modific\u0103ri cuprinse \u00een Ordonan\u021ba de urgen\u021b\u0103 se refer\u0103 la modalitatea de actualizare a cuantumului drepturilor acordate persoanelor cu handicap, respectiv prin raportare la Indicatorul Social de Referin\u021b\u0103 (ISR), stabilit \u00een baza Legii nr 76\/2002 privind sistemul asigur\u0103rilor pentru \u015fomaj \u015fi stimularea ocup\u0103rii for\u0163ei de munc\u0103 \u0219i actualizat periodic de guvern. Anterior, aceste drepturi erau raportate la Indicele Pretului de Comsum (IPC).<\/p>\n<p class=\"yiv2167231579MsoNormal\">Majorarea valorii sprijinului financiar\u00a0 acordat persoanelor cu handicap \u00een raport cu ISR va avea loc \u00een dou\u0103 etape: prima \u2013 \u00eencep\u00e2nd cu 1 ianuarie 2018, iar cea de-a doua \u2013 de la 1 iulie 2018, astfel:<\/p>\n<p class=\"yiv2167231579MsoNormal\">\n<p class=\"yiv2167231579MsoNormal\">\u00cencep\u00e2nd cu 1 ianuarie 2018, vor cre\u0219te:<\/p>\n<p class=\"yiv2167231579MsoNormal\">a)\u00a0\u00a0\u00a0\u00a0<b>indemniza\u0163ia lunar\u0103<\/b>, indiferent de venituri, care va reprezenta:<\/p>\n<p class=\"yiv2167231579MsoNormal\">\u00b7\u00a0\u00a0\u00a0\u00a0\u00a0\u00a0\u00a065% din ISR pentru adultul cu handicap grav;<\/p>\n<p class=\"yiv2167231579MsoNormal\">\u00b7\u00a0\u00a0\u00a0\u00a0\u00a0\u00a0\u00a050% din ISR, pentru adultul cu handicap accentuat;<\/p>\n<p class=\"yiv2167231579MsoNormal\">b)\u00a0\u00a0\u00a0\u00a0<b>bugetul personal complementar lunar<\/b>, indiferent de venituri, care va reprezenta:<\/p>\n<p class=\"yiv2167231579MsoNormal\">\u00b7\u00a0\u00a0\u00a0\u00a0\u00a0\u00a0\u00a025% din ISR, pentru adultul cu handicap grav;<\/p>\n<p class=\"yiv2167231579MsoNormal\">\u00b7\u00a0\u00a0\u00a0\u00a0\u00a0\u00a0\u00a020% din ISR, pentru adultul cu handicap accentuat;<\/p>\n<p class=\"yiv2167231579MsoNormal\">\u00b7\u00a0\u00a0\u00a0\u00a0\u00a0\u00a0\u00a010% din ISR, pentru adultul cu handicap mediu;<\/p>\n<p class=\"yiv2167231579MsoNormal\">c)\u00a0\u00a0\u00a0\u00a0<b>presta\u0163ia social\u0103, pe perioada \u00een care p\u0103rintele sau persoana desemnat\u0103 are \u00een \u00eengrijire, supraveghere \u015fi \u00eentre\u0163inere copil cu handicap<\/b>, reprezent\u00e2nd:<\/p>\n<p class=\"yiv2167231579MsoNormal\">\u00b7\u00a0\u00a0\u00a0\u00a0\u00a0\u00a0\u00a050% din ISR, \u00een cazul copilului cu handicap grav;<\/p>\n<p class=\"yiv2167231579MsoNormal\">\u00b7\u00a0\u00a0\u00a0\u00a0\u00a0\u00a0\u00a030% din ISR, \u00een cazul copilului cu handicap accentuat;<\/p>\n<p class=\"yiv2167231579MsoNormal\">\u00b7\u00a0\u00a0\u00a0\u00a0\u00a0\u00a0\u00a010% din ISR, \u00een cazul copilului cu handicap mediu.<\/p>\n<p class=\"yiv2167231579MsoNormal\">\n<p class=\"yiv2167231579MsoNormal\">\u00cencep\u00e2nd cu 1 iulie 2018 vor cre\u0219te:<\/p>\n<p class=\"yiv2167231579MsoNormal\">a)\u00a0\u00a0\u00a0\u00a0<b>indemniza\u0163ia lunar\u0103<\/b>, indiferent de venituri, reprezent\u00e2nd:<\/p>\n<p class=\"yiv2167231579MsoNormal\">\u00b7\u00a0\u00a0\u00a0\u00a0\u00a0\u00a0\u00a070% din ISR pentru adultul cu handicap grav;<\/p>\n<p class=\"yiv2167231579MsoNormal\">\u00b7\u00a0\u00a0\u00a0\u00a0\u00a0\u00a0\u00a053% din ISR, pentru adultul cu handicap accentuat.<\/p>\n<p class=\"yiv2167231579MsoNormal\">b)\u00a0\u00a0\u00a0\u00a0<b>bugetul<\/b>\u00a0<b>personal complementar lunar<\/b>, indiferent de venituri, reprezent\u00e2nd:<\/p>\n<p class=\"yiv2167231579MsoNormal\">\u00b7\u00a0\u00a0\u00a0\u00a0\u00a0\u00a0\u00a030% din ISR;<\/p>\n<p class=\"yiv2167231579MsoNormal\">\u00b7\u00a0\u00a0\u00a0\u00a0\u00a0\u00a0\u00a022% din ISR;<\/p>\n<p class=\"yiv2167231579MsoNormal\">\u00b7\u00a0\u00a0\u00a0\u00a0\u00a0\u00a0\u00a012% din ISR, pentru adultul cu handicap mediu;<\/p>\n<p class=\"yiv2167231579MsoNormal\">c)\u00a0\u00a0\u00a0\u00a0<b>presta\u0163ia social\u0103, pe perioada \u00een care p\u0103rintele sau persoana desemnat\u0103 are \u00een \u00eengrijire, supraveghere \u015fi \u00eentre\u0163inere copil cu handicap<\/b>, reprezent\u00e2nd:<\/p>\n<p class=\"yiv2167231579MsoNormal\">\u00b7\u00a0\u00a0\u00a0\u00a0\u00a0\u00a0\u00a060% din ISR, \u00een cazul copilului cu handicap grav;<\/p>\n<p class=\"yiv2167231579MsoNormal\">\u00b7\u00a0\u00a0\u00a0\u00a0\u00a0\u00a0\u00a035% din ISR, \u00een cazul copilului cu handicap accentuat;<\/p>\n<p class=\"yiv2167231579MsoNormal\">\u00b7\u00a0\u00a0\u00a0\u00a0\u00a0\u00a0\u00a012% din ISR, \u00een cazul copilului cu handicap mediu.<\/p>\n<p class=\"yiv2167231579MsoNormal\">Copiii cu dizabilit\u0103\u0163i vor beneficia de cre\u0219terea sprijinului financiar dup\u0103 cum urmeaz\u0103: din luna ianuarie 2018, 135% pentru gradul grav, pentru gradul accentuat 89%, \u00een timp ce pentru gradul mediu majorarea va fi 28%. Din luna iulie 2018, se va aplica o nou\u0103 majorare \u00een cazul copiilor cu dizabilit\u0103\u021bi, \u00een cuantum de 20% pentru gradul grav, 16% pentru gradul accentuat \u015fi 20% pentru gradul mediu.<\/p>\n<p class=\"yiv2167231579MsoNormal\">O alt\u0103 noutate a actului normativ o constituie obliga\u021bia institu\u021biilor publice cu peste 50 de salaria\u021bi de a organiza concursuri dedicate angaj\u0103rii persoanelor cu dizabilit\u0103\u021bi.<\/p>\n<p class=\"yiv2167231579MsoNormal\">M\u0103sura decis\u0103 ast\u0103zi de guvern este cuprins\u0103 \u00een Programul de guvernare 2017-2020 \u0219i, \u00een acela\u0219i timp, transpune \u00een practic\u0103 principiile Conven\u021biei ONU privind drepturile persoanelor cu dizabilit\u0103\u0163i, adoptat\u0103 la New York \u00een 2006 \u0219i ratificat\u0103 de Rom\u00e2nia prin Legea nr. 221\/2010.<\/p>\n","protected":false},"excerpt":{"rendered":"<p>Valoarea sprijinului financiar pentru persoane cu dizabilit\u0103\u021bi va fi majorat\u0103 semnificativ, \u00eencep\u00e2nd cu 1 ianuarie&#8230;<\/p>\n","protected":false},"author":1,"featured_media":2977,"comment_status":"closed","ping_status":"closed","sticky":false,"template":"","format":"standard","meta":{"_kadence_starter_templates_imported_post":false,"footnotes":""},"categories":[2],"tags":[],"class_list":["post-3590","post","type-post","status-publish","format-standard","has-post-thumbnail","hentry","category-stiri"],"featured_image_urls":{"full":["https:\/\/saptamanagiurgiuveana.ro\/wp\/wp-content\/uploads\/2017\/02\/16473532_726093170885574_5091844966436602488_n.jpg",900,520,false],"thumbnail":["https:\/\/saptamanagiurgiuveana.ro\/wp\/wp-content\/uploads\/2017\/02\/16473532_726093170885574_5091844966436602488_n-390x210.jpg",390,210,true],"medium":["https:\/\/saptamanagiurgiuveana.ro\/wp\/wp-content\/uploads\/2017\/02\/16473532_726093170885574_5091844966436602488_n-623x360.jpg",623,360,true],"medium_large":["https:\/\/saptamanagiurgiuveana.ro\/wp\/wp-content\/uploads\/2017\/02\/16473532_726093170885574_5091844966436602488_n.jpg",900,520,false],"large":["https:\/\/saptamanagiurgiuveana.ro\/wp\/wp-content\/uploads\/2017\/02\/16473532_726093170885574_5091844966436602488_n-623x360.jpg",623,360,true],"1536x1536":["https:\/\/saptamanagiurgiuveana.ro\/wp\/wp-content\/uploads\/2017\/02\/16473532_726093170885574_5091844966436602488_n.jpg",900,520,false],"2048x2048":["https:\/\/saptamanagiurgiuveana.ro\/wp\/wp-content\/uploads\/2017\/02\/16473532_726093170885574_5091844966436602488_n.jpg",900,520,false],"covernews-featured":["https:\/\/saptamanagiurgiuveana.ro\/wp\/wp-content\/uploads\/2017\/02\/16473532_726093170885574_5091844966436602488_n.jpg",900,520,false],"covernews-medium":["https:\/\/saptamanagiurgiuveana.ro\/wp\/wp-content\/uploads\/2017\/02\/16473532_726093170885574_5091844966436602488_n.jpg",540,312,false],"mailpoet_newsletter_max":["https:\/\/saptamanagiurgiuveana.ro\/wp\/wp-content\/uploads\/2017\/02\/16473532_726093170885574_5091844966436602488_n.jpg",900,520,false]},"author_info":{"info":["Mihaita Grigore"]},"category_info":"<a href=\"https:\/\/saptamanagiurgiuveana.ro\/wp\/category\/stiri\/\" rel=\"category tag\">Stiri<\/a>","tag_info":"Stiri","comment_count":"0","_links":{"self":[{"href":"https:\/\/saptamanagiurgiuveana.ro\/wp\/wp-json\/wp\/v2\/posts\/3590","targetHints":{"allow":["GET"]}}],"collection":[{"href":"https:\/\/saptamanagiurgiuveana.ro\/wp\/wp-json\/wp\/v2\/posts"}],"about":[{"href":"https:\/\/saptamanagiurgiuveana.ro\/wp\/wp-json\/wp\/v2\/types\/post"}],"author":[{"embeddable":true,"href":"https:\/\/saptamanagiurgiuveana.ro\/wp\/wp-json\/wp\/v2\/users\/1"}],"replies":[{"embeddable":true,"href":"https:\/\/saptamanagiurgiuveana.ro\/wp\/wp-json\/wp\/v2\/comments?post=3590"}],"version-history":[{"count":1,"href":"https:\/\/saptamanagiurgiuveana.ro\/wp\/wp-json\/wp\/v2\/posts\/3590\/revisions"}],"predecessor-version":[{"id":3591,"href":"https:\/\/saptamanagiurgiuveana.ro\/wp\/wp-json\/wp\/v2\/posts\/3590\/revisions\/3591"}],"wp:featuredmedia":[{"embeddable":true,"href":"https:\/\/saptamanagiurgiuveana.ro\/wp\/wp-json\/wp\/v2\/media\/2977"}],"wp:attachment":[{"href":"https:\/\/saptamanagiurgiuveana.ro\/wp\/wp-json\/wp\/v2\/media?parent=3590"}],"wp:term":[{"taxonomy":"category","embeddable":true,"href":"https:\/\/saptamanagiurgiuveana.ro\/wp\/wp-json\/wp\/v2\/categories?post=3590"},{"taxonomy":"post_tag","embeddable":true,"href":"https:\/\/saptamanagiurgiuveana.ro\/wp\/wp-json\/wp\/v2\/tags?post=3590"}],"curies":[{"name":"wp","href":"https:\/\/api.w.org\/{rel}","templated":true}]}}