{"id":3572,"date":"2017-07-28T12:26:04","date_gmt":"2017-07-28T09:26:04","guid":{"rendered":"http:\/\/saptamanagiurgiuveana.ro\/wp\/?p=3572"},"modified":"2017-07-28T12:26:04","modified_gmt":"2017-07-28T09:26:04","slug":"ajutoare-de-urgenta-pentru-463-de-familii-afectate-de-calamitati-naturale-ori-probleme-grave-de-sanatate","status":"publish","type":"post","link":"https:\/\/saptamanagiurgiuveana.ro\/wp\/2017\/07\/28\/ajutoare-de-urgenta-pentru-463-de-familii-afectate-de-calamitati-naturale-ori-probleme-grave-de-sanatate\/","title":{"rendered":"Ajutoare de urgen\u021b\u0103 pentru 463 de familii afectate de calamit\u0103\u021bi naturale ori probleme grave de s\u0103n\u0103tate"},"content":{"rendered":"<p class=\"yiv2883371029MsoNormal\">Guvernul a aprobat, ast\u0103zi, printr-o hot\u0103r\u00e2re, acordarea unor ajutoare de urgen\u021b\u0103 \u00een sum\u0103 total\u0103 de 1.272.700 de lei, pentru sprijinirea a 463 de familii \u015fi persoane singure, afectate de calamit\u0103\u021bi naturale, incendii ori probleme grave de s\u0103n\u0103tate ce pot conduce la riscul de excluziune social\u0103.<\/p>\n<p class=\"yiv2883371029MsoNormal\">Hot\u0103r\u00e2rea acord\u0103 suma de 1.272.700 astfel:<\/p>\n<p class=\"yiv2883371029MsoNormal\">\u00d8\u00a0unui\u00a0 num\u0103r de 120 familii aflate \u00een situa\u021bii de necesitate cauzate de incendii, \u00een sum\u0103 total\u0103 de 324.900 lei, din jude\u0163ele: Alba, Arge\u0219, Bac\u0103u, Boto\u0219ani, Buz\u0103u, C\u0103l\u0103ra\u0219i, D\u00e2mbovi\u021ba, Hunedoara, Ia\u0219i, Ilfov, Maramure\u0219, Mure\u0219, Neam\u021b, Olt, Prahova, Satu Mare, Suceava, Teleorman, Vaslui, V\u00e2lcea, Vrancea;<\/p>\n<p class=\"yiv2883371029MsoNormal\">\u00d8\u00a0unui num\u0103r de 35 familii aflate \u00een situa\u021bii de necesitate cauzate de calamit\u0103\u021bi naturale, inunda\u021bii \u0219i alunec\u0103ri de teren, \u00een sum\u0103 total\u0103 de 139.500 lei, din jude\u0163ele: Cara\u0219-Severin, Neam\u021b, Olt, Suceava, V\u00e2lcea, Vrancea. Aceste persoane au fost afectate de calamit\u0103\u021bi naturale, respectiv precipita\u021bii abundente, dar \u0219i alunec\u0103ri de teren, cazuri izolate \u00eenregistrate \u00een perioada iunie 2016 \u2013 mai 2017;<\/p>\n<p class=\"yiv2883371029MsoNormal\">\u00d8\u00a0unui num\u0103r de 308 familii \u015fi persoane singure care se confrunt\u0103 cu situa\u021bii deosebite cauzate de probleme grave de s\u0103n\u0103tate ori alte cauze care pot conduce la riscul de excluziune social\u0103, \u00een\u00a0 sum\u0103 total\u0103 de 808.300 lei, din jude\u021bele: Arad, Arge\u0219, Bac\u0103u, Boto\u0219ani, Bra\u0219ov, Buz\u0103u, C\u0103l\u0103ra\u0219i, D\u00e2mbovi\u021ba, Dolj, Gala\u021bi, Giurgiu, Gorj, Hunedoara, Ialomi\u021ba, Ia\u0219i, Ilfov, Mehedin\u0163i, Neam\u021b, Olt, Sibiu, Suceava, Teleorman, Tulcea, Vaslui, V\u00e2lcea, Vrancea \u0219i din municipiul Bucure\u0219ti.<\/p>\n<p class=\"yiv2883371029MsoNormal\">Beneficiarii acestor ajutoare au fost identifica\u021bi \u00een urma anchetelor sociale realizate de c\u0103tre agen\u021biile jude\u021bene pentru pl\u0103\u021bi \u0219i inspec\u021bie social\u0103, respectiv a municipiului Bucure\u0219ti. Aceste ajutoare de urgen\u021b\u0103 se pl\u0103tesc din fondurile prev\u0103zute cu aceast\u0103 destina\u021bie \u00een bugetul Ministerului Muncii \u0219i Justi\u0163iei Sociale.<\/p>\n","protected":false},"excerpt":{"rendered":"<p>Guvernul a aprobat, ast\u0103zi, printr-o hot\u0103r\u00e2re, acordarea unor ajutoare de urgen\u021b\u0103 \u00een sum\u0103 total\u0103 de&#8230;<\/p>\n","protected":false},"author":1,"featured_media":2977,"comment_status":"closed","ping_status":"closed","sticky":false,"template":"","format":"standard","meta":{"_kadence_starter_templates_imported_post":false,"footnotes":""},"categories":[2],"tags":[],"class_list":["post-3572","post","type-post","status-publish","format-standard","has-post-thumbnail","hentry","category-stiri"],"featured_image_urls":{"full":["https:\/\/saptamanagiurgiuveana.ro\/wp\/wp-content\/uploads\/2017\/02\/16473532_726093170885574_5091844966436602488_n.jpg",900,520,false],"thumbnail":["https:\/\/saptamanagiurgiuveana.ro\/wp\/wp-content\/uploads\/2017\/02\/16473532_726093170885574_5091844966436602488_n-390x210.jpg",390,210,true],"medium":["https:\/\/saptamanagiurgiuveana.ro\/wp\/wp-content\/uploads\/2017\/02\/16473532_726093170885574_5091844966436602488_n-623x360.jpg",623,360,true],"medium_large":["https:\/\/saptamanagiurgiuveana.ro\/wp\/wp-content\/uploads\/2017\/02\/16473532_726093170885574_5091844966436602488_n.jpg",900,520,false],"large":["https:\/\/saptamanagiurgiuveana.ro\/wp\/wp-content\/uploads\/2017\/02\/16473532_726093170885574_5091844966436602488_n-623x360.jpg",623,360,true],"1536x1536":["https:\/\/saptamanagiurgiuveana.ro\/wp\/wp-content\/uploads\/2017\/02\/16473532_726093170885574_5091844966436602488_n.jpg",900,520,false],"2048x2048":["https:\/\/saptamanagiurgiuveana.ro\/wp\/wp-content\/uploads\/2017\/02\/16473532_726093170885574_5091844966436602488_n.jpg",900,520,false],"covernews-featured":["https:\/\/saptamanagiurgiuveana.ro\/wp\/wp-content\/uploads\/2017\/02\/16473532_726093170885574_5091844966436602488_n.jpg",900,520,false],"covernews-medium":["https:\/\/saptamanagiurgiuveana.ro\/wp\/wp-content\/uploads\/2017\/02\/16473532_726093170885574_5091844966436602488_n.jpg",540,312,false],"mailpoet_newsletter_max":["https:\/\/saptamanagiurgiuveana.ro\/wp\/wp-content\/uploads\/2017\/02\/16473532_726093170885574_5091844966436602488_n.jpg",900,520,false]},"author_info":{"info":["Mihaita Grigore"]},"category_info":"<a href=\"https:\/\/saptamanagiurgiuveana.ro\/wp\/category\/stiri\/\" rel=\"category tag\">Stiri<\/a>","tag_info":"Stiri","comment_count":"0","_links":{"self":[{"href":"https:\/\/saptamanagiurgiuveana.ro\/wp\/wp-json\/wp\/v2\/posts\/3572","targetHints":{"allow":["GET"]}}],"collection":[{"href":"https:\/\/saptamanagiurgiuveana.ro\/wp\/wp-json\/wp\/v2\/posts"}],"about":[{"href":"https:\/\/saptamanagiurgiuveana.ro\/wp\/wp-json\/wp\/v2\/types\/post"}],"author":[{"embeddable":true,"href":"https:\/\/saptamanagiurgiuveana.ro\/wp\/wp-json\/wp\/v2\/users\/1"}],"replies":[{"embeddable":true,"href":"https:\/\/saptamanagiurgiuveana.ro\/wp\/wp-json\/wp\/v2\/comments?post=3572"}],"version-history":[{"count":1,"href":"https:\/\/saptamanagiurgiuveana.ro\/wp\/wp-json\/wp\/v2\/posts\/3572\/revisions"}],"predecessor-version":[{"id":3573,"href":"https:\/\/saptamanagiurgiuveana.ro\/wp\/wp-json\/wp\/v2\/posts\/3572\/revisions\/3573"}],"wp:featuredmedia":[{"embeddable":true,"href":"https:\/\/saptamanagiurgiuveana.ro\/wp\/wp-json\/wp\/v2\/media\/2977"}],"wp:attachment":[{"href":"https:\/\/saptamanagiurgiuveana.ro\/wp\/wp-json\/wp\/v2\/media?parent=3572"}],"wp:term":[{"taxonomy":"category","embeddable":true,"href":"https:\/\/saptamanagiurgiuveana.ro\/wp\/wp-json\/wp\/v2\/categories?post=3572"},{"taxonomy":"post_tag","embeddable":true,"href":"https:\/\/saptamanagiurgiuveana.ro\/wp\/wp-json\/wp\/v2\/tags?post=3572"}],"curies":[{"name":"wp","href":"https:\/\/api.w.org\/{rel}","templated":true}]}}