{"id":3499,"date":"2017-07-14T14:48:03","date_gmt":"2017-07-14T11:48:03","guid":{"rendered":"http:\/\/saptamanagiurgiuveana.ro\/wp\/?p=3499"},"modified":"2017-07-14T14:48:03","modified_gmt":"2017-07-14T11:48:03","slug":"pista-de-atletism-se-apropie-de-final-urmeaza-o-serie-de-amenajari-inaugurarea-si-darea-in-folosinta","status":"publish","type":"post","link":"https:\/\/saptamanagiurgiuveana.ro\/wp\/2017\/07\/14\/pista-de-atletism-se-apropie-de-final-urmeaza-o-serie-de-amenajari-inaugurarea-si-darea-in-folosinta\/","title":{"rendered":"PISTA DE ATLETISM SE APROPIE DE FINAL. URMEAZA O SERIE DE AMENAJARI, INAUGURAREA SI DAREA IN FOLOSINTA"},"content":{"rendered":"<p>Pista de atletism de la Parcul Tineretului din municipiu este aproape gata s\u0103-\u0219i primeasc\u0103 alerg\u0103torii. Dup\u0103 ce a fost modernizat Stadionul \u201dMarin Anastasovici\u201d fapt ce a impus desfiin\u021barea pistei de atletism, \u00een municipiul Giurgiu nu a mai existat nici o alt\u0103 pist\u0103 unde elevii, sportivii sau al\u021bi giurgiuveni s\u0103 se poate antrena. Astfel c\u0103, necesitatea construirii unei astfe<span class=\"text_exposed_show\">l de obiectiv a intrat \u00een aten\u021bia administra\u021biei locale si \u00een martie 2015 a fost dat ordinul de \u00eencepere. \u00cen acest interval au existat diverse sincope \u0219i probleme, dar din fericire, obiectivul este aproape finalizat.<br \/>\n\u00cen prezent, lucr\u0103rile la pista de atletism sunt pe ultima sut\u0103 de metri, a fost turnat tartanul \u0219i a fost marcat\u0103, vor fi realizate amenaj\u0103ri specifice, va fi realizat un gard de protec\u021bie, va fi iluminat\u0103 corespunz\u0103tor \u0219i zona va fi amenajat\u0103 peisagistic.<br \/>\nPista va putea fi folosit\u0103 at\u00e2t de profesioni\u0219ti c\u00e2t \u0219i de amatori, cu respectarea regulamentului de func\u021bionare \u0219i utilizare ce va fi afi\u0219at pe panouri, \u00een intervalul orar stabilit pentru func\u021bionare. Dup\u0103 executarea tuturor lucrarilor mentionate, acest obiectiv de interes local si na\u021bional va fi inaugurat si ulterior, pista de atletism va deveni func\u021bional\u0103 \u0219i deschis\u0103 publicului giurgiuvean<\/span><\/p>\n","protected":false},"excerpt":{"rendered":"<p>Pista de atletism de la Parcul Tineretului din municipiu este aproape gata s\u0103-\u0219i primeasc\u0103 alerg\u0103torii&#8230;.<\/p>\n","protected":false},"author":1,"featured_media":3500,"comment_status":"closed","ping_status":"closed","sticky":false,"template":"","format":"standard","meta":{"_kadence_starter_templates_imported_post":false,"footnotes":""},"categories":[2],"tags":[],"class_list":["post-3499","post","type-post","status-publish","format-standard","has-post-thumbnail","hentry","category-stiri"],"featured_image_urls":{"full":["https:\/\/saptamanagiurgiuveana.ro\/wp\/wp-content\/uploads\/2017\/07\/19884065_816393685188855_3102362099079955931_n.jpg",481,360,false],"thumbnail":["https:\/\/saptamanagiurgiuveana.ro\/wp\/wp-content\/uploads\/2017\/07\/19884065_816393685188855_3102362099079955931_n-390x210.jpg",390,210,true],"medium":["https:\/\/saptamanagiurgiuveana.ro\/wp\/wp-content\/uploads\/2017\/07\/19884065_816393685188855_3102362099079955931_n-481x360.jpg",481,360,true],"medium_large":["https:\/\/saptamanagiurgiuveana.ro\/wp\/wp-content\/uploads\/2017\/07\/19884065_816393685188855_3102362099079955931_n.jpg",481,360,false],"large":["https:\/\/saptamanagiurgiuveana.ro\/wp\/wp-content\/uploads\/2017\/07\/19884065_816393685188855_3102362099079955931_n-481x360.jpg",481,360,true],"1536x1536":["https:\/\/saptamanagiurgiuveana.ro\/wp\/wp-content\/uploads\/2017\/07\/19884065_816393685188855_3102362099079955931_n.jpg",481,360,false],"2048x2048":["https:\/\/saptamanagiurgiuveana.ro\/wp\/wp-content\/uploads\/2017\/07\/19884065_816393685188855_3102362099079955931_n.jpg",481,360,false],"covernews-featured":["https:\/\/saptamanagiurgiuveana.ro\/wp\/wp-content\/uploads\/2017\/07\/19884065_816393685188855_3102362099079955931_n.jpg",481,360,false],"covernews-medium":["https:\/\/saptamanagiurgiuveana.ro\/wp\/wp-content\/uploads\/2017\/07\/19884065_816393685188855_3102362099079955931_n.jpg",454,340,false],"mailpoet_newsletter_max":["https:\/\/saptamanagiurgiuveana.ro\/wp\/wp-content\/uploads\/2017\/07\/19884065_816393685188855_3102362099079955931_n.jpg",481,360,false]},"author_info":{"info":["Mihaita Grigore"]},"category_info":"<a href=\"https:\/\/saptamanagiurgiuveana.ro\/wp\/category\/stiri\/\" rel=\"category tag\">Stiri<\/a>","tag_info":"Stiri","comment_count":"0","_links":{"self":[{"href":"https:\/\/saptamanagiurgiuveana.ro\/wp\/wp-json\/wp\/v2\/posts\/3499","targetHints":{"allow":["GET"]}}],"collection":[{"href":"https:\/\/saptamanagiurgiuveana.ro\/wp\/wp-json\/wp\/v2\/posts"}],"about":[{"href":"https:\/\/saptamanagiurgiuveana.ro\/wp\/wp-json\/wp\/v2\/types\/post"}],"author":[{"embeddable":true,"href":"https:\/\/saptamanagiurgiuveana.ro\/wp\/wp-json\/wp\/v2\/users\/1"}],"replies":[{"embeddable":true,"href":"https:\/\/saptamanagiurgiuveana.ro\/wp\/wp-json\/wp\/v2\/comments?post=3499"}],"version-history":[{"count":1,"href":"https:\/\/saptamanagiurgiuveana.ro\/wp\/wp-json\/wp\/v2\/posts\/3499\/revisions"}],"predecessor-version":[{"id":3501,"href":"https:\/\/saptamanagiurgiuveana.ro\/wp\/wp-json\/wp\/v2\/posts\/3499\/revisions\/3501"}],"wp:featuredmedia":[{"embeddable":true,"href":"https:\/\/saptamanagiurgiuveana.ro\/wp\/wp-json\/wp\/v2\/media\/3500"}],"wp:attachment":[{"href":"https:\/\/saptamanagiurgiuveana.ro\/wp\/wp-json\/wp\/v2\/media?parent=3499"}],"wp:term":[{"taxonomy":"category","embeddable":true,"href":"https:\/\/saptamanagiurgiuveana.ro\/wp\/wp-json\/wp\/v2\/categories?post=3499"},{"taxonomy":"post_tag","embeddable":true,"href":"https:\/\/saptamanagiurgiuveana.ro\/wp\/wp-json\/wp\/v2\/tags?post=3499"}],"curies":[{"name":"wp","href":"https:\/\/api.w.org\/{rel}","templated":true}]}}