{"id":3464,"date":"2017-07-10T12:00:59","date_gmt":"2017-07-10T09:00:59","guid":{"rendered":"http:\/\/saptamanagiurgiuveana.ro\/wp\/?p=3464"},"modified":"2017-07-10T12:00:59","modified_gmt":"2017-07-10T09:00:59","slug":"rasuceni-rasu-plansu-drumurilor-judetene","status":"publish","type":"post","link":"https:\/\/saptamanagiurgiuveana.ro\/wp\/2017\/07\/10\/rasuceni-rasu-plansu-drumurilor-judetene\/","title":{"rendered":"R\u0102SUCENI &#8211; R\u00c2SU PL\u00c2NSU &#8211; drumurilor jude\u021bene!"},"content":{"rendered":"<p>\u00cenclin s\u0103 cred c\u0103 numele acestei comune este gre\u015fit \u015fi c\u0103 de fapt ar trebui numit\u0103 De-a RASU PLANSU!<\/p>\n<p>Nimic din ce \u00eenseamn\u0103 o comun\u0103 aflat\u0103 \u00een anul de gra\u0163ie 2017, la zece ani de la intrarea \u00een Uniunea European\u0103 &#8211; nu exist\u0103 aici \u00een aceast\u0103 comun\u0103!<\/p>\n<p>Dec\u00e2t s\u0103 mergi cu ma\u015fina de la intrarea \u00een R\u0103suceni \u015fi p\u00e2n\u0103 la ie\u015fire mai bine \u00ee\u0163i dai o tesl\u0103 \u00een cur!<\/p>\n<p>Trebuia s\u0103 ajung \u00een Tomulesti &#8211; comun\u0103 Toporu. C\u0103utarea pe GPS spune c\u0103 sunt 28 de km \u00een linie dreapt\u0103 dar 52 km pe ocolite prin Radu Vod\u0103, Chiriacu, Cucuruzu, R\u0103suceni&#8230; deci aproape dublu pentru c\u0103 nimeni nu are interes s\u0103 refac\u0103 drumul vechi prin St\u0103ne\u015fti!<\/p>\n<p>Dar nu despre Tomulesti este vorba, chiar \u00eel felicit pe primar pentru drumurile de la el din comun\u0103 Toporu. Omul gospodar se vede de la distan\u0163\u0103.<\/p>\n<p>Nu acela\u015fi lucru pot s\u0103 \u00eel spun \u015fi despre edilul din comun\u0103 R\u0103suceni! Drumuri mai proaste dec\u00e2t \u00een comun\u0103 p\u0103storita de acesta nu am mai v\u0103zut de vreo 10 ani! Adic\u0103 de c\u00e2nd \u00een comuna asta despre care vorbim nu s-a mai schimbat nimic. Eu \u00een\u0163eleg c\u0103 este bine c\u0103 cet\u0103\u0163enii din comun\u0103 s\u0103 fie \u0163inu\u0163i prosti \u015fi s\u0103raci ca s\u0103 se poat\u0103 transforma \u00een electorat captiv dar asta nu \u00eenseamn\u0103 c\u0103 nu au dreptul la ap\u0103, canalizare \u015fi ni\u015fte drumuri pe care s\u0103 se poat\u0103 circula \u015fi cu alte mijloace de transport nu doar cu c\u0103ru\u0163\u0103!<\/p>\n<p>Eu \u00een\u0163eleg c\u0103 sunt interesante afacerile cu cereale \u015fi c\u0103 se fac banii mul\u0163i din miile alea de hectare dar asta nu \u00eenseamn\u0103 c\u0103 nu trebuie s\u0103 facem \u015fi ceva pentru am\u0103r\u00e2\u0163ii \u0103ia de cet\u0103\u0163eni din comun\u0103, sau pentru cei care trec \u00eent\u00e2mpl\u0103tor pe acolo \u015fi care \u00ee\u015fi rup ma\u015finile.<\/p>\n<p>Cum \u00een Cucuruzu se poate, \u015fi acolo deloc? \u015ei nu cred treaba aia c\u0103 nu avem bani la buget c\u0103 nu prea mai merge.<\/p>\n<p>Sunt o mul\u0163ime de exemple de comune care sunt la fel de s\u0103race dar care m\u0103car drumul principal este circulabil!<\/p>\n<p>Dup\u0103 5 ani de mandat de primar s\u0103 nu fii \u00een stare s\u0103 repari 3 &#8211; 4 km de drum am\u0103r\u00e2\u0163i este dovada ori de lipsa de interes ori de incapacitate cras\u0103!<\/p>\n<p>Don Costel Spalatu&#8230; las\u0103 bre pe altcineva c\u0103 nu te faci doar tu de r\u00e2s \u015fi comuna ta, faci de ras tot jude\u0163ul \u0103sta!<\/p>\n","protected":false},"excerpt":{"rendered":"<p>\u00cenclin s\u0103 cred c\u0103 numele acestei comune este gre\u015fit \u015fi c\u0103 de fapt ar trebui&#8230;<\/p>\n","protected":false},"author":1,"featured_media":3465,"comment_status":"closed","ping_status":"closed","sticky":false,"template":"","format":"standard","meta":{"_kadence_starter_templates_imported_post":false,"footnotes":""},"categories":[2],"tags":[],"class_list":["post-3464","post","type-post","status-publish","format-standard","has-post-thumbnail","hentry","category-stiri"],"featured_image_urls":{"full":["https:\/\/saptamanagiurgiuveana.ro\/wp\/wp-content\/uploads\/2017\/07\/giurgiu-tomulesti.jpg",343,360,false],"thumbnail":["https:\/\/saptamanagiurgiuveana.ro\/wp\/wp-content\/uploads\/2017\/07\/giurgiu-tomulesti-343x210.jpg",343,210,true],"medium":["https:\/\/saptamanagiurgiuveana.ro\/wp\/wp-content\/uploads\/2017\/07\/giurgiu-tomulesti-343x360.jpg",343,360,true],"medium_large":["https:\/\/saptamanagiurgiuveana.ro\/wp\/wp-content\/uploads\/2017\/07\/giurgiu-tomulesti.jpg",343,360,false],"large":["https:\/\/saptamanagiurgiuveana.ro\/wp\/wp-content\/uploads\/2017\/07\/giurgiu-tomulesti-343x360.jpg",343,360,true],"1536x1536":["https:\/\/saptamanagiurgiuveana.ro\/wp\/wp-content\/uploads\/2017\/07\/giurgiu-tomulesti.jpg",343,360,false],"2048x2048":["https:\/\/saptamanagiurgiuveana.ro\/wp\/wp-content\/uploads\/2017\/07\/giurgiu-tomulesti.jpg",343,360,false],"covernews-featured":["https:\/\/saptamanagiurgiuveana.ro\/wp\/wp-content\/uploads\/2017\/07\/giurgiu-tomulesti.jpg",343,360,false],"covernews-medium":["https:\/\/saptamanagiurgiuveana.ro\/wp\/wp-content\/uploads\/2017\/07\/giurgiu-tomulesti.jpg",324,340,false],"mailpoet_newsletter_max":["https:\/\/saptamanagiurgiuveana.ro\/wp\/wp-content\/uploads\/2017\/07\/giurgiu-tomulesti.jpg",343,360,false]},"author_info":{"info":["Mihaita Grigore"]},"category_info":"<a href=\"https:\/\/saptamanagiurgiuveana.ro\/wp\/category\/stiri\/\" rel=\"category tag\">Stiri<\/a>","tag_info":"Stiri","comment_count":"0","_links":{"self":[{"href":"https:\/\/saptamanagiurgiuveana.ro\/wp\/wp-json\/wp\/v2\/posts\/3464","targetHints":{"allow":["GET"]}}],"collection":[{"href":"https:\/\/saptamanagiurgiuveana.ro\/wp\/wp-json\/wp\/v2\/posts"}],"about":[{"href":"https:\/\/saptamanagiurgiuveana.ro\/wp\/wp-json\/wp\/v2\/types\/post"}],"author":[{"embeddable":true,"href":"https:\/\/saptamanagiurgiuveana.ro\/wp\/wp-json\/wp\/v2\/users\/1"}],"replies":[{"embeddable":true,"href":"https:\/\/saptamanagiurgiuveana.ro\/wp\/wp-json\/wp\/v2\/comments?post=3464"}],"version-history":[{"count":1,"href":"https:\/\/saptamanagiurgiuveana.ro\/wp\/wp-json\/wp\/v2\/posts\/3464\/revisions"}],"predecessor-version":[{"id":3466,"href":"https:\/\/saptamanagiurgiuveana.ro\/wp\/wp-json\/wp\/v2\/posts\/3464\/revisions\/3466"}],"wp:featuredmedia":[{"embeddable":true,"href":"https:\/\/saptamanagiurgiuveana.ro\/wp\/wp-json\/wp\/v2\/media\/3465"}],"wp:attachment":[{"href":"https:\/\/saptamanagiurgiuveana.ro\/wp\/wp-json\/wp\/v2\/media?parent=3464"}],"wp:term":[{"taxonomy":"category","embeddable":true,"href":"https:\/\/saptamanagiurgiuveana.ro\/wp\/wp-json\/wp\/v2\/categories?post=3464"},{"taxonomy":"post_tag","embeddable":true,"href":"https:\/\/saptamanagiurgiuveana.ro\/wp\/wp-json\/wp\/v2\/tags?post=3464"}],"curies":[{"name":"wp","href":"https:\/\/api.w.org\/{rel}","templated":true}]}}