{"id":3388,"date":"2017-06-19T12:29:31","date_gmt":"2017-06-19T09:29:31","guid":{"rendered":"http:\/\/saptamanagiurgiuveana.ro\/wp\/?p=3388"},"modified":"2017-06-19T12:29:31","modified_gmt":"2017-06-19T09:29:31","slug":"consilierii-judeteni-giurgiuveni-se-vor-reuni-marti-20-iunie-de-la-ora-11-00-intr-o-sedinta-ordinara","status":"publish","type":"post","link":"https:\/\/saptamanagiurgiuveana.ro\/wp\/2017\/06\/19\/consilierii-judeteni-giurgiuveni-se-vor-reuni-marti-20-iunie-de-la-ora-11-00-intr-o-sedinta-ordinara\/","title":{"rendered":"Consilierii jude\u0163eni giurgiuveni se vor reuni mar\u0163i, 20 iunie, de la ora 11.00, \u00eentr-o \u015fedin\u0163\u0103 ordinar\u0103"},"content":{"rendered":"<p>Consilierii jude\u0163eni giurgiuveni se vor reuni mar\u0163i, 20 iunie, de la ora 11.00, \u00eentr-o \u015fedin\u0163\u0103 ordinar\u0103 cu 24 de puncte pe ordinea de zi.<br \/>\nAcestea sunt:<br \/>\n-Proiect de hot\u0103r\u00e2re privind constatarea \u00eencet\u0103rii de drept a calit\u0103\u0163ii de consilier jude\u0163ean, \u00eenainte de expirarea duratei normale a mandatului, a domnului Ionel Iulian, membru al Partidului Na\u021bional Liberal \u015fi declar\u0103rii vacante a locului ocupat de acesta<br \/>\n-VALIDARE MANDAT &#8211; Iacob Marius Nicu\u0219or \u015fi depunerea jur\u0103m\u00e2ntului de c\u0103tre acesta<br \/>\n-Proiect de hot\u0103r\u00e2re privind aprobarea modific\u0103rii Hot\u0103r\u00e2rii nr.6 din 24 iunie 2016 a Consiliului Jude\u0163ean Giurgiu<br \/>\n-Proiect de hot\u0103r\u00e2re privind modificarea bugetului propriu de venituri \u0219i cheltuieli al jude\u021bului Giurgiu, pe anul 2017<br \/>\n-Proiect de hot\u0103r\u00e2re privind aprobarea documenta\u0163iei tehnico \u2013 economice pentru obiectivul de investi\u0163ii \u201eModernizare drumul jude\u021bean DJ 504 pe traseul Giurgiu \u2013 Vieru \u2013 Putineiu \u2013 limit\u0103 jude\u021b Teleorman\u201d \u00een faza Documenta\u0163ie de avizare a lucr\u0103rilor de interven\u0163ii<br \/>\n-Proiect de hot\u0103r\u00e2re privind aprobarea documenta\u0163iei tehnico \u2013 economice pentru obiectivul de investi\u0163ii \u201cModernizare drumul jude\u0163ean DJ 503 Giurgiu \u2013 Ghizdaru \u2013 Gara St\u0103ne\u015fti \u2013 Gara Chiriacu \u2013 Toporu \u2013 Limit\u0103 jude\u0163 Teleorman\u201d, \u00een faza Studiu de fezabilitate pentru proiect complex de investi\u021bii<br \/>\n-Proiect de hot\u0103r\u00e2re privind ini\u021bierea demersurilor pentru modificarea art.2 alin.2 din HG nr. 755\/2015, privind transmiterea unei p\u0103r\u021bi dintr-un imobil din domeniul public al statului \u0219i administrarea Ministerului Afacerilor Interne \u2013 Inspectoratul pentru situa\u021bii de Urgen\u021b\u0103 ,, Vla\u0219ca\u201d al Jude\u021bului Giurgiu \u0219i pentru actualizarea anexei nr. 1 la HG nr. 1.705\/2006 pentru aprobarea inventarului centralizat al bunurilor din domeniul public al statului \u00een sensul prelungirii duratei de realizare a obiectivului de investi\u021bii ,,Baza tehnico- material\u0103 pentru cre\u0219terea vitezei de r\u0103spuns \u00een situa\u021bii de urgen\u021b\u0103\u201d, p\u00e2n\u0103 la data de 30.03.2025<br \/>\n-Proiect de hot\u0103r\u00e2re privind preluarea unui sector de drum din administrarea Consiliului Local al Municipiului Giurgiu \u00een administrarea Consiliului Jude\u0163ean Giurgiu<br \/>\nProiect de hot\u0103r\u00e2re privind aprobarea repartiz\u0103rii masei lemnoase ob\u021binute din t\u0103ierea arborilor limitrofi Drumurilor Jude\u021bene &#8211; DJ 411 Br\u0103ni\u0219tari &#8211; Comana, DJ 503 Toporu -R\u0103suceni \u0219i DJ 603 Mihai Bravu-Comana<br \/>\n-Proiect de hot\u0103r\u00e2re pentru modificarea art.1 al Hot\u0103r\u00e2rii nr.192\/03.12.2015 a Consiliului Jude\u021bean Giurgiu privind aprobarea cotei lunare de carburant pentru autoturismele din dotarea Consiliului Jude\u021bean Giurgiu<br \/>\n-Proiect de hot\u0103r\u00e2re privind aprobarea Planului de investitii aferent activelor date in administrare care se finanteaza din Fondulul de \u00centretinere, Inlocuire si Dezvoltare pentru investitia\u201eSistem de Management Integrat al Deseurilor solide in judetul Giurgiu&#8221;<br \/>\n-Proiect de hot\u0103r\u00e2re privind aprobarea \u00eencet\u0103rii asocierii dintre Jude\u021bul Giurgiu \u0219i S.C. SUN GARDEN COLIBA\u0218I S.R.L. \u0219i rezilierii Contractului de asociere \u00een participa\u021biune nr.241 din 20 septembrie 2011<br \/>\n-Proiect de hot\u0103r\u00e2re privind aprobarea atribuirii unui traseu pentru efectuarea transportului public de persoane prin curse regulate speciale \u015fi eliberarea licen\u0163ei de traseu pentru S.C. SORGEORGI TRANS S.R.L.<br \/>\n-Proiect de hot\u0103r\u00e2re privind aprobarea atribuirii unui traseu pentru efectuarea transportului public de persoane prin curse regulate speciale \u015fi eliberarea licen\u0163ei de traseu pentru S.C. ATU S.R.L.<br \/>\n-Proiect de hot\u0103r\u00e2re privind aprobarea \u00eenfiin\u021b\u0103rii Serviciului Public Comunitar Local de Eviden\u021b\u0103 a Persoanelor Bolintin Deal \u0219i aprobarea arond\u0103rii activit\u0103\u0163ii de eviden\u0163\u0103 a persoanelor a comunelor Cosoba, Gr\u0103dinari, Joi\u0163a\u015fi S\u0103b\u0103reni la Serviciul Public Comunitar Local de Eviden\u0163\u0103 a Persoanelor Bolintin Deal<br \/>\n-Proiect de hot\u0103r\u00e2re privind aprobarea modific\u0103rii statului de func\u021bii al aparatului de specialitate al Consiliului Judetean Giurgiu<br \/>\nProiect de hot\u0103r\u00e2re privind aprobarea regulamentului de organizare \u0219i func\u021bionare, organigramei \u0219i statului de func\u0163ii al Direc\u021biei Generale de Asisten\u021b\u0103 Social\u0103 \u0219i Protec\u021bia Copilului Giurgiu<br \/>\n-Proiect de hot\u0103r\u00e2re privind delegarea atribu\u0163iilor func\u0163iei publice de conducere de director general al Direc\u0163iei Generale de Asisten\u0163\u0103 Social\u0103 \u015fi Protec\u0163ia Copilului Giurgiu<br \/>\n-Proiect de hot\u0103r\u00e2re privind aprobarea modific\u0103rii statului de func\u021bii al Muzeului Jude\u021bean \u201dTeohari Antonescu\u201d Giurgiu<br \/>\n-Proiect de hot\u0103r\u00e2re privind aprobarea Strategiei jude\u021bene \u00een domeniul asisten\u021bei sociale 2017-2020<br \/>\n-Proiect de hot\u0103r\u00e2re privind stabilirea func\u021biilor publice din cadrul Direc\u021biei Jude\u0163ene de Dezvoltare Rural\u0103 \u0219i Protec\u021bia Mediului Giurgiu \u0219i aprobarea organigramei \u0219i statului de func\u021bii<br \/>\n-Proiect de hot\u0103r\u00e2re privind aprobarea organigramei \u0219i statului de func\u021bii ale Direc\u021biei Jude\u021bene de Eviden\u021ba Persoanelor Giurgiu<\/p>\n","protected":false},"excerpt":{"rendered":"<p>Consilierii jude\u0163eni giurgiuveni se vor reuni mar\u0163i, 20 iunie, de la ora 11.00, \u00eentr-o \u015fedin\u0163\u0103&#8230;<\/p>\n","protected":false},"author":1,"featured_media":3142,"comment_status":"closed","ping_status":"closed","sticky":false,"template":"","format":"standard","meta":{"_kadence_starter_templates_imported_post":false,"footnotes":""},"categories":[2],"tags":[],"class_list":["post-3388","post","type-post","status-publish","format-standard","has-post-thumbnail","hentry","category-stiri"],"featured_image_urls":{"full":["https:\/\/saptamanagiurgiuveana.ro\/wp\/wp-content\/uploads\/2017\/03\/17353203_267766303668039_6084026501691935726_n.jpg",570,360,false],"thumbnail":["https:\/\/saptamanagiurgiuveana.ro\/wp\/wp-content\/uploads\/2017\/03\/17353203_267766303668039_6084026501691935726_n-390x210.jpg",390,210,true],"medium":["https:\/\/saptamanagiurgiuveana.ro\/wp\/wp-content\/uploads\/2017\/03\/17353203_267766303668039_6084026501691935726_n-570x360.jpg",570,360,true],"medium_large":["https:\/\/saptamanagiurgiuveana.ro\/wp\/wp-content\/uploads\/2017\/03\/17353203_267766303668039_6084026501691935726_n.jpg",570,360,false],"large":["https:\/\/saptamanagiurgiuveana.ro\/wp\/wp-content\/uploads\/2017\/03\/17353203_267766303668039_6084026501691935726_n-570x360.jpg",570,360,true],"1536x1536":["https:\/\/saptamanagiurgiuveana.ro\/wp\/wp-content\/uploads\/2017\/03\/17353203_267766303668039_6084026501691935726_n.jpg",570,360,false],"2048x2048":["https:\/\/saptamanagiurgiuveana.ro\/wp\/wp-content\/uploads\/2017\/03\/17353203_267766303668039_6084026501691935726_n.jpg",570,360,false],"covernews-featured":["https:\/\/saptamanagiurgiuveana.ro\/wp\/wp-content\/uploads\/2017\/03\/17353203_267766303668039_6084026501691935726_n.jpg",570,360,false],"covernews-medium":["https:\/\/saptamanagiurgiuveana.ro\/wp\/wp-content\/uploads\/2017\/03\/17353203_267766303668039_6084026501691935726_n.jpg",538,340,false],"mailpoet_newsletter_max":["https:\/\/saptamanagiurgiuveana.ro\/wp\/wp-content\/uploads\/2017\/03\/17353203_267766303668039_6084026501691935726_n.jpg",570,360,false]},"author_info":{"info":["Mihaita Grigore"]},"category_info":"<a href=\"https:\/\/saptamanagiurgiuveana.ro\/wp\/category\/stiri\/\" rel=\"category tag\">Stiri<\/a>","tag_info":"Stiri","comment_count":"0","_links":{"self":[{"href":"https:\/\/saptamanagiurgiuveana.ro\/wp\/wp-json\/wp\/v2\/posts\/3388","targetHints":{"allow":["GET"]}}],"collection":[{"href":"https:\/\/saptamanagiurgiuveana.ro\/wp\/wp-json\/wp\/v2\/posts"}],"about":[{"href":"https:\/\/saptamanagiurgiuveana.ro\/wp\/wp-json\/wp\/v2\/types\/post"}],"author":[{"embeddable":true,"href":"https:\/\/saptamanagiurgiuveana.ro\/wp\/wp-json\/wp\/v2\/users\/1"}],"replies":[{"embeddable":true,"href":"https:\/\/saptamanagiurgiuveana.ro\/wp\/wp-json\/wp\/v2\/comments?post=3388"}],"version-history":[{"count":1,"href":"https:\/\/saptamanagiurgiuveana.ro\/wp\/wp-json\/wp\/v2\/posts\/3388\/revisions"}],"predecessor-version":[{"id":3389,"href":"https:\/\/saptamanagiurgiuveana.ro\/wp\/wp-json\/wp\/v2\/posts\/3388\/revisions\/3389"}],"wp:featuredmedia":[{"embeddable":true,"href":"https:\/\/saptamanagiurgiuveana.ro\/wp\/wp-json\/wp\/v2\/media\/3142"}],"wp:attachment":[{"href":"https:\/\/saptamanagiurgiuveana.ro\/wp\/wp-json\/wp\/v2\/media?parent=3388"}],"wp:term":[{"taxonomy":"category","embeddable":true,"href":"https:\/\/saptamanagiurgiuveana.ro\/wp\/wp-json\/wp\/v2\/categories?post=3388"},{"taxonomy":"post_tag","embeddable":true,"href":"https:\/\/saptamanagiurgiuveana.ro\/wp\/wp-json\/wp\/v2\/tags?post=3388"}],"curies":[{"name":"wp","href":"https:\/\/api.w.org\/{rel}","templated":true}]}}