{"id":3363,"date":"2017-06-09T09:34:28","date_gmt":"2017-06-09T06:34:28","guid":{"rendered":"http:\/\/saptamanagiurgiuveana.ro\/wp\/?p=3363"},"modified":"2017-06-09T09:34:28","modified_gmt":"2017-06-09T06:34:28","slug":"participare-la-jocurile-nationale-special-olympics-editia-2017","status":"publish","type":"post","link":"https:\/\/saptamanagiurgiuveana.ro\/wp\/2017\/06\/09\/participare-la-jocurile-nationale-special-olympics-editia-2017\/","title":{"rendered":"PARTICIPARE LA JOCURILE NA\u0162IONALE SPECIAL OLYMPICS, EDI\u0162IA 2017"},"content":{"rendered":"<p>Pentru al \u015faselea an consecutiv, beneficiarii locuin\u0163elor protejate din cadrul Direc\u0163iei Generale de Asisten\u0163\u0103 Social\u0103 \u015fi Protec\u0163ia Copilului Giurgiu au participat la<strong>\u00a0 <\/strong><strong>Jocurile Na\u0163ionale<em> Special Olympics<\/em><\/strong><em> &#8211;<\/em> edi\u0163ia 2017,\u00a0 \u00eentrecere sportiv\u0103 destinat\u0103 persoanelor cu dizabilit\u0103\u021bi, ce s-a desf\u0103\u015furat \u00een perioada 2-5 iunie\u00a0 2017 \u00a0\u00een municipiul\u00a0 Baia Mare.<\/p>\n<p>Al\u0103turi de alte aproximativ 350 persoane cu dizabilit\u0103\u0163i, care au venit<strong> din toate\u00a0 jude\u0163ele \u0163\u0103rii,<\/strong> \u00a0la aceast\u0103 competi\u0163ie sportiv\u0103 \u00a0au participat <strong>\u0219i<\/strong> patru adul\u0163i cu dizabilit\u0103\u0163i din Giurgiu.Ace\u0219tia sunt \u00a0beneficiari de servicii sociale \u00een locuin\u0163ele protejate din Giurgiu \u0219i au \u00a0v\u00e2rste cuprinse\u00a0 \u00eentre 18 \u015fi 43 de ani. <strong>La aceast\u0103 \u00a0competi\u0163ie to\u0163i participan\u0163ii primesc medalii, fiind astfel \u00eencuraja\u0163i s\u0103-\u015fi dep\u0103\u015feasc\u0103 limitele \u015fi \u00a0s\u0103 dob\u00e2ndeasc\u0103 \u00eencredere \u00een propriile for\u0163e.<\/strong> Cosmin, Arpad, Florin \u015fi Georgiana, adul\u0163i \u00a0cu \u00a0handicap g\u0103zdui\u0163i \u00een locuin\u0163e protejate din Giurgiu,\u00a0 au \u00a0ob\u021binut \u00a03\u00a0 medalii de aur \u015fi 5 de bronz la probele de\u00a0 atletism \u015fi\u00a0bocce.<\/p>\n<p>\u201d<em>Apreciez, ca de fiecare dat\u0103, implicarea Organiza\u0163iei Comber din Irlanda pentru sprijinul acordat beneficiarilor din locuin\u0163ele protejate din Giurgiu pentru a putea\u00a0 participa la aceast\u0103 competi\u0163ie sportiv\u0103. Organiza\u0163ia Comber a asigurat fondurile necesare transportului, achizi\u0163ion\u0103rii echipamentelor sportive \u015fi banii de buzunar. Pe l\u00e2ng\u0103 activit\u0103\u0163ile sportive, au fost organizate pentru ei activit\u0103\u0163i distractive, discotec\u0103, jocuri de societate, plimb\u0103ri. Bucuria participan\u0163ilor a fost foarte mare, sunt m\u00e2ndri de medaliile ob\u0163inute \u015fi \u00eenc\u00e2nta\u0163i de prieteniile legate \u015fi locurile pe care le-au vizitat<\/em>\u201d, a declarat Ionela P\u00e2rlog, \u015fef serviciu Locuin\u0163e Protejate din cadrul D.G.A.S.P.C. Giurgiu<\/p>\n","protected":false},"excerpt":{"rendered":"<p>Pentru al \u015faselea an consecutiv, beneficiarii locuin\u0163elor protejate din cadrul Direc\u0163iei Generale de Asisten\u0163\u0103 Social\u0103&#8230;<\/p>\n","protected":false},"author":1,"featured_media":3364,"comment_status":"closed","ping_status":"closed","sticky":false,"template":"","format":"standard","meta":{"_kadence_starter_templates_imported_post":false,"footnotes":""},"categories":[2],"tags":[],"class_list":["post-3363","post","type-post","status-publish","format-standard","has-post-thumbnail","hentry","category-stiri"],"featured_image_urls":{"full":["https:\/\/saptamanagiurgiuveana.ro\/wp\/wp-content\/uploads\/2017\/06\/IMAG01131.jpg",637,360,false],"thumbnail":["https:\/\/saptamanagiurgiuveana.ro\/wp\/wp-content\/uploads\/2017\/06\/IMAG01131-390x210.jpg",390,210,true],"medium":["https:\/\/saptamanagiurgiuveana.ro\/wp\/wp-content\/uploads\/2017\/06\/IMAG01131-630x356.jpg",630,356,true],"medium_large":["https:\/\/saptamanagiurgiuveana.ro\/wp\/wp-content\/uploads\/2017\/06\/IMAG01131.jpg",637,360,false],"large":["https:\/\/saptamanagiurgiuveana.ro\/wp\/wp-content\/uploads\/2017\/06\/IMAG01131-637x360.jpg",637,360,true],"1536x1536":["https:\/\/saptamanagiurgiuveana.ro\/wp\/wp-content\/uploads\/2017\/06\/IMAG01131.jpg",637,360,false],"2048x2048":["https:\/\/saptamanagiurgiuveana.ro\/wp\/wp-content\/uploads\/2017\/06\/IMAG01131.jpg",637,360,false],"covernews-featured":["https:\/\/saptamanagiurgiuveana.ro\/wp\/wp-content\/uploads\/2017\/06\/IMAG01131.jpg",637,360,false],"covernews-medium":["https:\/\/saptamanagiurgiuveana.ro\/wp\/wp-content\/uploads\/2017\/06\/IMAG01131.jpg",540,305,false],"mailpoet_newsletter_max":["https:\/\/saptamanagiurgiuveana.ro\/wp\/wp-content\/uploads\/2017\/06\/IMAG01131.jpg",637,360,false]},"author_info":{"info":["Mihaita Grigore"]},"category_info":"<a href=\"https:\/\/saptamanagiurgiuveana.ro\/wp\/category\/stiri\/\" rel=\"category tag\">Stiri<\/a>","tag_info":"Stiri","comment_count":"0","_links":{"self":[{"href":"https:\/\/saptamanagiurgiuveana.ro\/wp\/wp-json\/wp\/v2\/posts\/3363","targetHints":{"allow":["GET"]}}],"collection":[{"href":"https:\/\/saptamanagiurgiuveana.ro\/wp\/wp-json\/wp\/v2\/posts"}],"about":[{"href":"https:\/\/saptamanagiurgiuveana.ro\/wp\/wp-json\/wp\/v2\/types\/post"}],"author":[{"embeddable":true,"href":"https:\/\/saptamanagiurgiuveana.ro\/wp\/wp-json\/wp\/v2\/users\/1"}],"replies":[{"embeddable":true,"href":"https:\/\/saptamanagiurgiuveana.ro\/wp\/wp-json\/wp\/v2\/comments?post=3363"}],"version-history":[{"count":1,"href":"https:\/\/saptamanagiurgiuveana.ro\/wp\/wp-json\/wp\/v2\/posts\/3363\/revisions"}],"predecessor-version":[{"id":3365,"href":"https:\/\/saptamanagiurgiuveana.ro\/wp\/wp-json\/wp\/v2\/posts\/3363\/revisions\/3365"}],"wp:featuredmedia":[{"embeddable":true,"href":"https:\/\/saptamanagiurgiuveana.ro\/wp\/wp-json\/wp\/v2\/media\/3364"}],"wp:attachment":[{"href":"https:\/\/saptamanagiurgiuveana.ro\/wp\/wp-json\/wp\/v2\/media?parent=3363"}],"wp:term":[{"taxonomy":"category","embeddable":true,"href":"https:\/\/saptamanagiurgiuveana.ro\/wp\/wp-json\/wp\/v2\/categories?post=3363"},{"taxonomy":"post_tag","embeddable":true,"href":"https:\/\/saptamanagiurgiuveana.ro\/wp\/wp-json\/wp\/v2\/tags?post=3363"}],"curies":[{"name":"wp","href":"https:\/\/api.w.org\/{rel}","templated":true}]}}