{"id":2981,"date":"2017-02-04T11:57:07","date_gmt":"2017-02-04T09:57:07","guid":{"rendered":"http:\/\/saptamanagiurgiuveana.ro\/wp\/?p=2981"},"modified":"2017-02-04T11:57:07","modified_gmt":"2017-02-04T09:57:07","slug":"totul-sau-nimic-astra-in-grafic-pentru-playoff","status":"publish","type":"post","link":"https:\/\/saptamanagiurgiuveana.ro\/wp\/2017\/02\/04\/totul-sau-nimic-astra-in-grafic-pentru-playoff\/","title":{"rendered":"Totul sau nimic? Astra in grafic pentru playoff!"},"content":{"rendered":"<p>F\u0103r\u0103 Alibec, plecat la FCSB, dar cu Budescu revenit, Astra a ratat prima ocazie \u00eenc\u0103 din debutul partidei. Cu o echip\u0103 total diferit\u0103 fa\u0163\u0103 de toamn\u0103, ASA T\u00e2rgu Mure\u0219 s-a mul\u0163umit s\u0103 se apere \u015fi singura ocazie a venit de la Gabi Mure\u015fan, dup\u0103 eroarea lui Silviu Lung Jr.<\/p>\n<p>Dac\u0103 n-au profitat, mure\u015fenii au \u00eencasat, dup\u0103 o faz\u0103 \u00een urma c\u0103reia Takayuki Seto a finalizat pasa lui Budescu. Repriza a doua a \u00eenceput la fel ca prima. Cu o ocazie mare \u00een contul celor de la Astra, irosit\u0103 de Ioni\u0163\u0103.\u00a0De notat este \u00a0evolu\u0163ia lui Alexandru Ioni\u0163\u0103! Fiind impus \u00een primul &#8222;11&#8221; de regula U21, Alex pare s\u0103-\u015fi fi g\u0103sit un ritm bun \u015fi are momente c\u00e2nd paseaz\u0103 de \u00eel confunzi cu Budescu dac\u0103 nu e\u015fti atent. L\u0103udabil, Alex apare la finalizare, dar particip\u0103 \u015fi la faza defensiv\u0103.<\/p>\n<p>&#8222;Budescu este Messi al Rom\u00e2niei! V-am mai spus-o \u0219i o repet. Nu vede\u021bi? Se lipe\u0219te mingea de el.\u00a0El a jucat un singur meci \u00een preg\u0103tiri pentru c\u0103 el nu semnase contractul.Dac\u0103 voi putea \u00eel voi chinui meci de meci 90 de minute pentru c\u0103 Budescu este omul care \u00ee\u021bi face diferen\u021ba, n-a\u021bi v\u0103zut ce pase? N-am v\u0103zut \u00een via\u021ba mea. O s\u0103 creasc\u0103 \u0219i va ajunge la nivelul la care trebuie s\u0103 fie Budescu, o s\u0103 vede\u021bi \u00een 2-3 s\u0103pt\u0103m\u00e2ni&#8221;, a spus \u0218umudic\u0103 la conferin\u021ba de pres\u0103 de dup\u0103 meci.<\/p>\n<p>Stadion &#8222;Marin Anastasovici&#8221; \u2013 Giurgiu. Spectatori: circa 1300.<\/p>\n<p>A marcat: Takayuki Seto (28).<\/p>\n<p><strong>Astra:<\/strong> Lung \u2013 Stan, S\u0103punaru, Fabricio, J. Morais \u2013 Seto, Lovin \u2013 Al. Ioni\u0163\u0103 (66 Balaure), Budescu, Teixeira (77 Geraldo) \u2013 Niculae (72 S. Bu\u015f)-<strong>Antrenor: Marius \u015eumudic\u0103<\/strong><\/p>\n<p><strong>ASA<\/strong>: Papp \u2013 Velayos, Candrea, Rougalas, Mendy \u2013 Balgiu (75 Schieb), Mure\u015fan, Petri\u015f (46 I. Ioni\u0163\u0103) \u2013 Nicoli\u0163\u0103, Ciolacu (63 Rus), B\u00e2tfoi-<strong>Antrenor: Ilie Stan<\/strong><\/p>\n<p>Avertismente: S\u0103punaru \/ Mure\u015fan<br \/>\nArbitru: C\u0103t\u0103lin Popa (Pite\u015fti); arbitri asisten\u0163i: George Florin Neac\u015fu (C\u00e2mpulung Muscel), Andrei Constantinescu (Bucure\u015fti); arbitru de rezerv\u0103: Eduard Ioni\u0163\u0103 (Constan\u0163a)<br \/>\nObservatori: Cristian Nica (Ploie\u015fti) &#8211; CCA, Ion Craiu (Bucure\u015fti) &#8211; LPF<\/p>\n","protected":false},"excerpt":{"rendered":"<p>F\u0103r\u0103 Alibec, plecat la FCSB, dar cu Budescu revenit, Astra a ratat prima ocazie \u00eenc\u0103&#8230;<\/p>\n","protected":false},"author":1,"featured_media":0,"comment_status":"closed","ping_status":"closed","sticky":false,"template":"","format":"standard","meta":{"_kadence_starter_templates_imported_post":false,"footnotes":""},"categories":[2,15],"tags":[],"class_list":["post-2981","post","type-post","status-publish","format-standard","hentry","category-stiri","category-tineret"],"featured_image_urls":{"full":"","thumbnail":"","medium":"","medium_large":"","large":"","1536x1536":"","2048x2048":"","covernews-featured":"","covernews-medium":"","mailpoet_newsletter_max":""},"author_info":{"info":["Mihaita Grigore"]},"category_info":"<a href=\"https:\/\/saptamanagiurgiuveana.ro\/wp\/category\/stiri\/\" rel=\"category tag\">Stiri<\/a> <a href=\"https:\/\/saptamanagiurgiuveana.ro\/wp\/category\/stiri\/tineret\/\" rel=\"category tag\">Tineret<\/a>","tag_info":"Tineret","comment_count":"0","_links":{"self":[{"href":"https:\/\/saptamanagiurgiuveana.ro\/wp\/wp-json\/wp\/v2\/posts\/2981","targetHints":{"allow":["GET"]}}],"collection":[{"href":"https:\/\/saptamanagiurgiuveana.ro\/wp\/wp-json\/wp\/v2\/posts"}],"about":[{"href":"https:\/\/saptamanagiurgiuveana.ro\/wp\/wp-json\/wp\/v2\/types\/post"}],"author":[{"embeddable":true,"href":"https:\/\/saptamanagiurgiuveana.ro\/wp\/wp-json\/wp\/v2\/users\/1"}],"replies":[{"embeddable":true,"href":"https:\/\/saptamanagiurgiuveana.ro\/wp\/wp-json\/wp\/v2\/comments?post=2981"}],"version-history":[{"count":1,"href":"https:\/\/saptamanagiurgiuveana.ro\/wp\/wp-json\/wp\/v2\/posts\/2981\/revisions"}],"predecessor-version":[{"id":2983,"href":"https:\/\/saptamanagiurgiuveana.ro\/wp\/wp-json\/wp\/v2\/posts\/2981\/revisions\/2983"}],"wp:attachment":[{"href":"https:\/\/saptamanagiurgiuveana.ro\/wp\/wp-json\/wp\/v2\/media?parent=2981"}],"wp:term":[{"taxonomy":"category","embeddable":true,"href":"https:\/\/saptamanagiurgiuveana.ro\/wp\/wp-json\/wp\/v2\/categories?post=2981"},{"taxonomy":"post_tag","embeddable":true,"href":"https:\/\/saptamanagiurgiuveana.ro\/wp\/wp-json\/wp\/v2\/tags?post=2981"}],"curies":[{"name":"wp","href":"https:\/\/api.w.org\/{rel}","templated":true}]}}